{"id":683,"date":"2022-11-23T18:01:10","date_gmt":"2022-11-23T18:01:10","guid":{"rendered":"https:\/\/others.ucimesaweby.sk\/kontakt\/?p=683"},"modified":"2022-11-29T21:04:40","modified_gmt":"2022-11-29T21:04:40","slug":"phdr-slavka-pitonakova-phd","status":"publish","type":"post","link":"https:\/\/others.ucimesaweby.sk\/kontakt\/phdr-slavka-pitonakova-phd\/","title":{"rendered":"PhDr. Slavka Pito\u0148\u00e1kov\u00e1, PhD."},"content":{"rendered":"\t\t<div data-elementor-type=\"wp-post\" data-elementor-id=\"683\" class=\"elementor elementor-683\">\n\t\t\t\t\t\t\t\t\t<section class=\"elementor-section elementor-top-section elementor-element elementor-element-bd679a1 elementor-section-boxed elementor-section-height-default elementor-section-height-default\" data-id=\"bd679a1\" data-element_type=\"section\">\n\t\t\t\t\t\t<div class=\"elementor-container elementor-column-gap-default\">\n\t\t\t\t\t<div class=\"elementor-column elementor-col-100 elementor-top-column elementor-element elementor-element-03510bb\" data-id=\"03510bb\" data-element_type=\"column\">\n\t\t\t<div class=\"elementor-widget-wrap elementor-element-populated\">\n\t\t\t\t\t\t\t\t<div class=\"elementor-element elementor-element-3806f10 elementor-widget elementor-widget-heading\" data-id=\"3806f10\" data-element_type=\"widget\" data-widget_type=\"heading.default\">\n\t\t\t\t<div class=\"elementor-widget-container\">\n\t\t\t<style>\/*! elementor - v3.16.0 - 20-09-2023 *\/\n.elementor-heading-title{padding:0;margin:0;line-height:1}.elementor-widget-heading .elementor-heading-title[class*=elementor-size-]>a{color:inherit;font-size:inherit;line-height:inherit}.elementor-widget-heading .elementor-heading-title.elementor-size-small{font-size:15px}.elementor-widget-heading .elementor-heading-title.elementor-size-medium{font-size:19px}.elementor-widget-heading .elementor-heading-title.elementor-size-large{font-size:29px}.elementor-widget-heading .elementor-heading-title.elementor-size-xl{font-size:39px}.elementor-widget-heading .elementor-heading-title.elementor-size-xxl{font-size:59px}<\/style><h6 class=\"elementor-heading-title elementor-size-default\">Rozhovor s pani dekankou Slavkou Pito\u0148\u00e1kovou je zameran\u00fd na jej kari\u00e9ru pedag\u00f3ga, predo\u0161l\u00e9 sk\u00fasenosti v m\u00e9di\u00e1ch a aj trochu z neform\u00e1lnej str\u00e1nky o jej z\u00e1\u013eub\u00e1ch a \u0161t\u00fadiu.<\/h6>\t\t<\/div>\n\t\t\t\t<\/div>\n\t\t\t\t\t<\/div>\n\t\t<\/div>\n\t\t\t\t\t\t\t<\/div>\n\t\t<\/section>\n\t\t\t\t<section class=\"elementor-section elementor-top-section elementor-element elementor-element-e2001c3 elementor-section-boxed elementor-section-height-default elementor-section-height-default\" data-id=\"e2001c3\" data-element_type=\"section\">\n\t\t\t\t\t\t<div class=\"elementor-container elementor-column-gap-default\">\n\t\t\t\t\t<div class=\"elementor-column elementor-col-50 elementor-top-column elementor-element elementor-element-0c675bd\" data-id=\"0c675bd\" data-element_type=\"column\" data-settings=\"{&quot;background_background&quot;:&quot;slideshow&quot;,&quot;background_slideshow_gallery&quot;:[],&quot;background_slideshow_loop&quot;:&quot;yes&quot;,&quot;background_slideshow_slide_duration&quot;:5000,&quot;background_slideshow_slide_transition&quot;:&quot;fade&quot;,&quot;background_slideshow_transition_duration&quot;:500}\">\n\t\t\t<div class=\"elementor-widget-wrap elementor-element-populated\">\n\t\t\t\t\t\t\t\t<div class=\"elementor-element elementor-element-2799656 elementor-widget elementor-widget-image\" data-id=\"2799656\" data-element_type=\"widget\" data-widget_type=\"image.default\">\n\t\t\t\t<div class=\"elementor-widget-container\">\n\t\t\t<style>\/*! elementor - v3.16.0 - 20-09-2023 *\/\n.elementor-widget-image{text-align:center}.elementor-widget-image a{display:inline-block}.elementor-widget-image a img[src$=\".svg\"]{width:48px}.elementor-widget-image img{vertical-align:middle;display:inline-block}<\/style>\t\t\t\t\t\t\t\t\t\t\t\t<img decoding=\"async\" loading=\"lazy\" width=\"683\" height=\"1024\" src=\"https:\/\/others.ucimesaweby.sk\/kontakt\/wp-content\/uploads\/2022\/11\/Piton\u030cakova\u03011-683x1024.png\" class=\"attachment-large size-large wp-image-1231\" alt=\"\" srcset=\"https:\/\/others.ucimesaweby.sk\/kontakt\/wp-content\/uploads\/2022\/11\/Piton\u030cakova\u03011-683x1024.png 683w, https:\/\/others.ucimesaweby.sk\/kontakt\/wp-content\/uploads\/2022\/11\/Piton\u030cakova\u03011-600x900.png 600w, https:\/\/others.ucimesaweby.sk\/kontakt\/wp-content\/uploads\/2022\/11\/Piton\u030cakova\u03011-200x300.png 200w, https:\/\/others.ucimesaweby.sk\/kontakt\/wp-content\/uploads\/2022\/11\/Piton\u030cakova\u03011-768x1152.png 768w, https:\/\/others.ucimesaweby.sk\/kontakt\/wp-content\/uploads\/2022\/11\/Piton\u030cakova\u03011-1024x1536.png 1024w, https:\/\/others.ucimesaweby.sk\/kontakt\/wp-content\/uploads\/2022\/11\/Piton\u030cakova\u03011-1366x2048.png 1366w\" sizes=\"(max-width: 683px) 100vw, 683px\" \/>\t\t\t\t\t\t\t\t\t\t\t\t\t\t\t<\/div>\n\t\t\t\t<\/div>\n\t\t\t\t\t<\/div>\n\t\t<\/div>\n\t\t\t\t<div class=\"elementor-column elementor-col-50 elementor-top-column elementor-element elementor-element-86b72cc\" data-id=\"86b72cc\" data-element_type=\"column\">\n\t\t\t<div class=\"elementor-widget-wrap elementor-element-populated\">\n\t\t\t\t\t\t\t\t<div class=\"elementor-element elementor-element-81291d1 elementor-widget elementor-widget-heading\" data-id=\"81291d1\" data-element_type=\"widget\" data-widget_type=\"heading.default\">\n\t\t\t\t<div class=\"elementor-widget-container\">\n\t\t\t<h5 class=\"elementor-heading-title elementor-size-default\">Na \u00favod, ak\u00fd predmet u\u010d\u00edte?<\/h5>\t\t<\/div>\n\t\t\t\t<\/div>\n\t\t\t\t<div class=\"elementor-element elementor-element-6435275 elementor-widget elementor-widget-text-editor\" data-id=\"6435275\" data-element_type=\"widget\" data-widget_type=\"text-editor.default\">\n\t\t\t\t<div class=\"elementor-widget-container\">\n\t\t\t<style>\/*! elementor - v3.16.0 - 20-09-2023 *\/\n.elementor-widget-text-editor.elementor-drop-cap-view-stacked .elementor-drop-cap{background-color:#69727d;color:#fff}.elementor-widget-text-editor.elementor-drop-cap-view-framed .elementor-drop-cap{color:#69727d;border:3px solid;background-color:transparent}.elementor-widget-text-editor:not(.elementor-drop-cap-view-default) .elementor-drop-cap{margin-top:8px}.elementor-widget-text-editor:not(.elementor-drop-cap-view-default) .elementor-drop-cap-letter{width:1em;height:1em}.elementor-widget-text-editor .elementor-drop-cap{float:left;text-align:center;line-height:1;font-size:50px}.elementor-widget-text-editor .elementor-drop-cap-letter{display:inline-block}<\/style>\t\t\t\t<p><span style=\"font-weight: 400;\">U\u010d\u00edm predmety z\u00a0oblasti medi\u00e1lnej a\u00a0marketingovej komunik\u00e1cie (zameranie na PR a\u00a0reklamu), prezenta\u010dn\u00e9 zru\u010dnosti a\u00a0storytelling, ale aj predmety orientovan\u00e9 na\u00a0\u00a0filmov\u00fa tvorbu.<\/span><\/p>\t\t\t\t\t\t<\/div>\n\t\t\t\t<\/div>\n\t\t\t\t<div class=\"elementor-element elementor-element-5083616 elementor-widget elementor-widget-heading\" data-id=\"5083616\" data-element_type=\"widget\" data-widget_type=\"heading.default\">\n\t\t\t\t<div class=\"elementor-widget-container\">\n\t\t\t<h5 class=\"elementor-heading-title elementor-size-default\">Ako dlho sa u\u017e u\u010deniu venujete?<\/h5>\t\t<\/div>\n\t\t\t\t<\/div>\n\t\t\t\t<div class=\"elementor-element elementor-element-94b4c56 elementor-widget elementor-widget-text-editor\" data-id=\"94b4c56\" data-element_type=\"widget\" data-widget_type=\"text-editor.default\">\n\t\t\t\t<div class=\"elementor-widget-container\">\n\t\t\t\t\t\t\t<p><span style=\"font-weight: 400;\">Na \u017dU v\u00a0\u017diline p\u00f4sob\u00edm od roku 2006 a\u00a0okrem KMKD FHV UNIZA takmer cel\u00e9 obdobie v\u00a0oblasti vyu\u010dovania \u00fazko spolupracujem aj s\u00a0Katedrou multim\u00e9di\u00ed a\u00a0informa\u010dno-komunika\u010dn\u00fdch technol\u00f3gi\u00ed FEIT UNIZA\u00a0.<\/span><\/p>\t\t\t\t\t\t<\/div>\n\t\t\t\t<\/div>\n\t\t\t\t<div class=\"elementor-element elementor-element-5cd9e27 elementor-widget elementor-widget-heading\" data-id=\"5cd9e27\" data-element_type=\"widget\" data-widget_type=\"heading.default\">\n\t\t\t\t<div class=\"elementor-widget-container\">\n\t\t\t<h5 class=\"elementor-heading-title elementor-size-default\">\u010co v\u00e1s na tom najviac bav\u00ed?<\/h5>\t\t<\/div>\n\t\t\t\t<\/div>\n\t\t\t\t<div class=\"elementor-element elementor-element-ae67062 elementor-widget elementor-widget-text-editor\" data-id=\"ae67062\" data-element_type=\"widget\" data-widget_type=\"text-editor.default\">\n\t\t\t\t<div class=\"elementor-widget-container\">\n\t\t\t\t\t\t\t<p><span style=\"font-weight: 400;\">Aj ke\u010f to tak (nielen) \u0161tudenti nevn\u00edmaj\u00fa, p\u00f4sobenie na vysokej \u0161kole nie je \u201elen\u201c o\u00a0u\u010den\u00ed, ale zah\u0155\u0148a mno\u017estvo \u010fal\u0161\u00edch aktiv\u00edt \u2013 v\u00fdskum, p\u00f4sobenie v\u00a0r\u00f4znych org\u00e1noch univerzity, mene\u017eovanie, ale aj propag\u00e1ciu&#8230; Je toho to\u013eko, \u017ee niekedy sa s\u00a0kolegami zam\u00fd\u0161\u013eame nad t\u00fdm, \u010di v\u00f4bec stihneme u\u010di\u0165&#8230; Tak\u017ee ak sa p\u00fdtate na to, \u010do ma na tom bav\u00ed, je to pr\u00e1ve r\u00f4znorodos\u0165 a\u00a0absencia mo\u017enosti za\u017ei\u0165 stereotyp.<\/span><\/p>\t\t\t\t\t\t<\/div>\n\t\t\t\t<\/div>\n\t\t\t\t\t<\/div>\n\t\t<\/div>\n\t\t\t\t\t\t\t<\/div>\n\t\t<\/section>\n\t\t\t\t<section class=\"elementor-section elementor-top-section elementor-element elementor-element-c10e809 elementor-section-boxed elementor-section-height-default elementor-section-height-default\" data-id=\"c10e809\" data-element_type=\"section\">\n\t\t\t\t\t\t<div class=\"elementor-container elementor-column-gap-default\">\n\t\t\t\t\t<div class=\"elementor-column elementor-col-100 elementor-top-column elementor-element elementor-element-9bd7333\" data-id=\"9bd7333\" data-element_type=\"column\">\n\t\t\t<div class=\"elementor-widget-wrap elementor-element-populated\">\n\t\t\t\t\t\t\t\t<section class=\"elementor-section elementor-inner-section elementor-element elementor-element-425d231 elementor-section-boxed elementor-section-height-default elementor-section-height-default\" data-id=\"425d231\" data-element_type=\"section\">\n\t\t\t\t\t\t<div class=\"elementor-container elementor-column-gap-default\">\n\t\t\t\t\t<div class=\"elementor-column elementor-col-50 elementor-inner-column elementor-element elementor-element-e57a512\" data-id=\"e57a512\" data-element_type=\"column\">\n\t\t\t<div class=\"elementor-widget-wrap elementor-element-populated\">\n\t\t\t\t\t\t\t\t<div class=\"elementor-element elementor-element-ac0f505 elementor-widget elementor-widget-heading\" data-id=\"ac0f505\" data-element_type=\"widget\" data-widget_type=\"heading.default\">\n\t\t\t\t<div class=\"elementor-widget-container\">\n\t\t\t<h5 class=\"elementor-heading-title elementor-size-default\">Keby ste mohli robi\u0165 \u010doko\u013evek in\u00e9, \u010do by to bolo?<\/h5>\t\t<\/div>\n\t\t\t\t<\/div>\n\t\t\t\t<div class=\"elementor-element elementor-element-1f4d9c6 elementor-widget elementor-widget-text-editor\" data-id=\"1f4d9c6\" data-element_type=\"widget\" data-widget_type=\"text-editor.default\">\n\t\t\t\t<div class=\"elementor-widget-container\">\n\t\t\t\t\t\t\t<p><span style=\"font-weight: 400;\">Paradoxne, u\u010denie nikdy nebol m\u00f4j pl\u00e1n. Pr\u00e1ve naopak, v\u017edy som hovorila, \u017ee je to jedin\u00e9 povolanie, ktor\u00e9 nikdy vykon\u00e1va\u0165 nebudem. Zhoda n\u00e1hod a\u00a0r\u00f4znych \u017eivotn\u00fdch okolnost\u00ed ma v\u0161ak napokon doviedla za katedru&#8230; Som spokojn\u00e1 s\u00a0t\u00fdm, \u010do rob\u00edm a\u00a0neuva\u017eujem nad t\u00fdm, \u010do by som robila in\u00e9. Ak by som neu\u010dila na UNIZA, pracovala by som v\u00a0nejakom m\u00e9diu alebo v\u00a0oblasti PR. Ale, ke\u010f sa na\u00a0to p\u00fdtate, ak by som teraz z\u00a0nejak\u00fdch d\u00f4vodov musela vy\u0161tudova\u0165 nie\u010do z\u00e1sadne odli\u0161n\u00e9, bolo by to pr\u00e1vo alebo medic\u00edna.\u00a0<\/span><\/p>\t\t\t\t\t\t<\/div>\n\t\t\t\t<\/div>\n\t\t\t\t<div class=\"elementor-element elementor-element-ad4a880 elementor-widget elementor-widget-heading\" data-id=\"ad4a880\" data-element_type=\"widget\" data-widget_type=\"heading.default\">\n\t\t\t\t<div class=\"elementor-widget-container\">\n\t\t\t<h5 class=\"elementor-heading-title elementor-size-default\">\u010co v\u00e1s motivovalo sta\u0165 sa pedag\u00f3gom?<\/h5>\t\t<\/div>\n\t\t\t\t<\/div>\n\t\t\t\t<div class=\"elementor-element elementor-element-253e991 elementor-widget elementor-widget-text-editor\" data-id=\"253e991\" data-element_type=\"widget\" data-widget_type=\"text-editor.default\">\n\t\t\t\t<div class=\"elementor-widget-container\">\n\t\t\t\t\t\t\t<p><span style=\"font-weight: 400;\">N\u00e1hodn\u00e1 zhoda okolnost\u00ed<\/span><\/p>\t\t\t\t\t\t<\/div>\n\t\t\t\t<\/div>\n\t\t\t\t<div class=\"elementor-element elementor-element-0c7e9f7 elementor-widget elementor-widget-heading\" data-id=\"0c7e9f7\" data-element_type=\"widget\" data-widget_type=\"heading.default\">\n\t\t\t\t<div class=\"elementor-widget-container\">\n\t\t\t<h5 class=\"elementor-heading-title elementor-size-default\">Ak\u00fd bol v\u00e1\u0161 ob\u013e\u00faben\u00fd predmet, ke\u010f ste \u0161tudovali?<\/h5>\t\t<\/div>\n\t\t\t\t<\/div>\n\t\t\t\t<div class=\"elementor-element elementor-element-b9a3b8a elementor-widget elementor-widget-text-editor\" data-id=\"b9a3b8a\" data-element_type=\"widget\" data-widget_type=\"text-editor.default\">\n\t\t\t\t<div class=\"elementor-widget-container\">\n\t\t\t\t\t\t\t<p><span style=\"font-weight: 400;\">Moj\u00edm najob\u013e\u00fabenej\u0161\u00edm predmetom na z\u00e1kladnej \u0161kole bola matematika, na strednej \u0161kole ch\u00e9mia, bioch\u00e9mia, histol\u00f3gia a\u00a0v\u017edy v\u00a0pozad\u00ed toho v\u0161etk\u00e9ho bol m\u00f4j najv\u00e4\u010d\u0161\u00ed kon\u00ed\u010dek \u2013 literat\u00fara a\u00a0pr\u00e1ca s textom.\u00a0Po\u010das vysokej \u0161koly som nemala zvl\u00e1\u0161\u0165 ob\u013e\u00faben\u00fd vybran\u00fd jeden predmet. Doteraz si v\u00e1\u017eim, \u017ee som dostala od \u017eivota pr\u00edle\u017eitos\u0165 \u0161tudova\u0165 \u017eurnalistiku v kombin\u00e1cii so slovensk\u00fdm jazykom a literat\u00farou na Filozofickej fakulte UKF v Nitre (hl\u00e1silo sa n\u00e1s nesmierne ve\u013ea a zobrali n\u00e1s naozaj m\u00e1lo&#8230;), v\u00e1\u017eim si pedag\u00f3gov, ktor\u00ed n\u00e1s u\u010dili, a (i ke\u010f, tak ako v\u017edy a v\u0161ade, nie v\u0161etko bolo v\u017edy len ide\u00e1lne) na svoju alma mater m\u00e1m naozaj dobr\u00e9 spomienky.<\/span><\/p>\t\t\t\t\t\t<\/div>\n\t\t\t\t<\/div>\n\t\t\t\t<div class=\"elementor-element elementor-element-b457840 elementor-widget elementor-widget-heading\" data-id=\"b457840\" data-element_type=\"widget\" data-widget_type=\"heading.default\">\n\t\t\t\t<div class=\"elementor-widget-container\">\n\t\t\t<h5 class=\"elementor-heading-title elementor-size-default\">M\u00e1te radu pre \u0161tudentov ako zvl\u00e1dnu\u0165 \u0161t\u00fadium na V\u0160? <\/h5>\t\t<\/div>\n\t\t\t\t<\/div>\n\t\t\t\t<div class=\"elementor-element elementor-element-45a4973 elementor-widget elementor-widget-text-editor\" data-id=\"45a4973\" data-element_type=\"widget\" data-widget_type=\"text-editor.default\">\n\t\t\t\t<div class=\"elementor-widget-container\">\n\t\t\t\t\t\t\t<p><span style=\"font-weight: 400;\">Neb\u00e1\u0165 sa a\u00a0nevzda\u0165 sa.<\/span><\/p>\t\t\t\t\t\t<\/div>\n\t\t\t\t<\/div>\n\t\t\t\t\t<\/div>\n\t\t<\/div>\n\t\t\t\t<div class=\"elementor-column elementor-col-50 elementor-inner-column elementor-element elementor-element-696ed37\" data-id=\"696ed37\" data-element_type=\"column\">\n\t\t\t<div class=\"elementor-widget-wrap elementor-element-populated\">\n\t\t\t\t\t\t\t\t<div class=\"elementor-element elementor-element-fd0381b elementor-widget elementor-widget-heading\" data-id=\"fd0381b\" data-element_type=\"widget\" data-widget_type=\"heading.default\">\n\t\t\t\t<div class=\"elementor-widget-container\">\n\t\t\t<h5 class=\"elementor-heading-title elementor-size-default\">Ak\u00e9 s\u00fa va\u0161e kon\u00ed\u010dky?<\/h5>\t\t<\/div>\n\t\t\t\t<\/div>\n\t\t\t\t<div class=\"elementor-element elementor-element-5f3c167 elementor-widget elementor-widget-text-editor\" data-id=\"5f3c167\" data-element_type=\"widget\" data-widget_type=\"text-editor.default\">\n\t\t\t\t<div class=\"elementor-widget-container\">\n\t\t\t\t\t\t\t<p><span style=\"font-weight: 400;\">rada chod\u00edm do kina aj na r\u00f4zne kasov\u00e9 trh\u00e1ky. Rada po\u010d\u00favam hudbu, ve\u013emi nahlas a\u00a0ide\u00e1lne v\u00a0aute, a\u00a0t\u00ed, ktor\u00ed ma poznaj\u00fa, u\u017e vedia, \u017ee moje auto je \u010dasto najsk\u00f4r po\u010du\u0165 a\u00a0a\u017e potom vidie\u0165 (\u010do je naozaj stra\u0161n\u00e9&#8230;). M\u00f4j v\u00fdber hudby z\u00e1vis\u00ed od n\u00e1lady a\u00a0je to mozaika r\u00f4znych \u017e\u00e1nrov a\u00a0\u0161t\u00fdlov \u2013 od Franka Sinatru, Chrisa Rea, Depeche Mode a\u017e po Hork\u00fd\u017ee Sl\u00ed\u017ee, Rammstein \u010di Sabaton&#8230; <\/span><\/p>\t\t\t\t\t\t<\/div>\n\t\t\t\t<\/div>\n\t\t\t\t<div class=\"elementor-element elementor-element-ad021c1 elementor-widget elementor-widget-heading\" data-id=\"ad021c1\" data-element_type=\"widget\" data-widget_type=\"heading.default\">\n\t\t\t\t<div class=\"elementor-widget-container\">\n\t\t\t<h5 class=\"elementor-heading-title elementor-size-default\">M\u00e1te vtipn\u00fd z\u00e1\u017eitok alebo pr\u00edhodu z va\u0161ej doteraj\u0161ej kari\u00e9ry pedag\u00f3ga?<\/h5>\t\t<\/div>\n\t\t\t\t<\/div>\n\t\t\t\t<div class=\"elementor-element elementor-element-00805ef elementor-widget elementor-widget-text-editor\" data-id=\"00805ef\" data-element_type=\"widget\" data-widget_type=\"text-editor.default\">\n\t\t\t\t<div class=\"elementor-widget-container\">\n\t\t\t\t\t\t\t<p><span style=\"font-weight: 400;\">T\u00fdch je ve\u013emi ve\u013ea, ale niekedy n\u00e1s prekvapia aj rodi\u010dia. Mali sme napr\u00edklad mil\u00fd telefon\u00e1t, v\u00a0r\u00e1mci ktor\u00e9ho sa mama \u0161tudenta informovala, kedy bude rodi\u010dovsk\u00e9 zdru\u017eenie.<\/span><\/p>\t\t\t\t\t\t<\/div>\n\t\t\t\t<\/div>\n\t\t\t\t<div class=\"elementor-element elementor-element-1e3c2cc elementor-widget elementor-widget-heading\" data-id=\"1e3c2cc\" data-element_type=\"widget\" data-widget_type=\"heading.default\">\n\t\t\t\t<div class=\"elementor-widget-container\">\n\t\t\t<h5 class=\"elementor-heading-title elementor-size-default\">M\u00e1m inform\u00e1ciu, \u017ee ste predt\u00fdm pracovali v m\u00e9di\u00e1ch. Kde konkr\u00e9tne a \u010do ste tam robili?<\/h5>\t\t<\/div>\n\t\t\t\t<\/div>\n\t\t\t\t<div class=\"elementor-element elementor-element-2616e30 elementor-widget elementor-widget-text-editor\" data-id=\"2616e30\" data-element_type=\"widget\" data-widget_type=\"text-editor.default\">\n\t\t\t\t<div class=\"elementor-widget-container\">\n\t\t\t\t\t\t\t<p><span style=\"font-weight: 400;\">\u0160tudovala som \u017eurnalistiku a bolo pre m\u0148a prirodzen\u00e9 sna\u017ei\u0165 sa o\u00a0to, aby som sa nielen u\u010dila te\u00f3riu, ale za\u017eila aj prax. V\u017edy ma najviac fascinovala pr\u00e1ca redaktorov v\u00a0printov\u00fdch m\u00e9di\u00e1ch a\u00a0som ve\u013emi v\u010fa\u010dn\u00e1, \u017ee sa mi podarilo vykon\u00e1va\u0165 pr\u00e1cu redaktorky v\u00a0spolo\u010dnosti Petit Press u\u017e po\u010das \u0161t\u00fadia a\u00a0n\u00e1sledne aj po jeho ukon\u010den\u00ed. Som v\u010fa\u010dn\u00e1 za obrovsk\u00e9 sk\u00fasenosti, ktor\u00e9 som ako mlad\u00fd \u010dlovek z\u00edskavala v\u00a0prostred\u00ed vysokej konkurencie, v\u00a0obdob\u00ed, ke\u010f sa m\u00e9di\u00e1 postupne transformovali a\u00a0\u201ebonusom\u201c bola atmosf\u00e9ra nebezpe\u010dn\u00fdch rokov 90-ych, ke\u010f bolo (na\u0161\u0165astie\/bohu\u017eia\u013e) mo\u017en\u00e9 takmer v\u0161etko&#8230; A\u00a0som v\u010fa\u010dn\u00e1 m\u00f4jmu \u0161\u00e9fredaktorovi, ktor\u00fd bol pr\u00edsny, ale t\u00fdm, ktor\u00ed vedeli a\u00a0chceli pracova\u0165, d\u00e1val mo\u017enos\u0165 slobodne pracova\u0165 na svojich t\u00e9mach. Po\u010das m\u00f4jho p\u00f4sobenia na UNIZA som dostala (\u010fal\u0161ia n\u00e1hoda) pr\u00edle\u017eitos\u0165 vies\u0165 univerzitn\u00fd \u010dasopis Spravodajca UNIZA, tak\u017ee som sa skoro desa\u0165ro\u010die venovala pr\u00edprave \u010dl\u00e1nkov, editorskej \u010dinnosti, korekt\u00faram&#8230; V\u0161etky tieto moje sk\u00fasenosti mi dali ve\u013emi ve\u013ea a\u00a0mnoh\u00e9 z\u00a0nich sa sna\u017e\u00edm vyu\u017ei\u0165 v\u00a0pr\u00e1ci u\u010dite\u013eky. Pova\u017eujem za ve\u013emi d\u00f4le\u017eit\u00e9, aby t\u00ed, ktor\u00ed u\u010dia, mali aj praktick\u00fa sk\u00fasenos\u0165 s\u00a0t\u00fdm, \u010do u\u010dia.<\/span><\/p>\t\t\t\t\t\t<\/div>\n\t\t\t\t<\/div>\n\t\t\t\t\t<\/div>\n\t\t<\/div>\n\t\t\t\t\t\t\t<\/div>\n\t\t<\/section>\n\t\t\t\t<div class=\"elementor-element elementor-element-3961000 elementor-widget elementor-widget-image\" data-id=\"3961000\" data-element_type=\"widget\" data-widget_type=\"image.default\">\n\t\t\t\t<div class=\"elementor-widget-container\">\n\t\t\t\t\t\t\t\t\t\t\t\t\t\t\t<img decoding=\"async\" loading=\"lazy\" width=\"1024\" height=\"653\" src=\"https:\/\/others.ucimesaweby.sk\/kontakt\/wp-content\/uploads\/2022\/11\/Piton\u030cakova\u0301-1024x653.png\" class=\"attachment-large size-large wp-image-1230\" alt=\"\" srcset=\"https:\/\/others.ucimesaweby.sk\/kontakt\/wp-content\/uploads\/2022\/11\/Piton\u030cakova\u0301-1024x653.png 1024w, https:\/\/others.ucimesaweby.sk\/kontakt\/wp-content\/uploads\/2022\/11\/Piton\u030cakova\u0301-600x383.png 600w, https:\/\/others.ucimesaweby.sk\/kontakt\/wp-content\/uploads\/2022\/11\/Piton\u030cakova\u0301-300x191.png 300w, https:\/\/others.ucimesaweby.sk\/kontakt\/wp-content\/uploads\/2022\/11\/Piton\u030cakova\u0301-768x490.png 768w, https:\/\/others.ucimesaweby.sk\/kontakt\/wp-content\/uploads\/2022\/11\/Piton\u030cakova\u0301-1536x980.png 1536w, https:\/\/others.ucimesaweby.sk\/kontakt\/wp-content\/uploads\/2022\/11\/Piton\u030cakova\u0301-2048x1307.png 2048w\" sizes=\"(max-width: 1024px) 100vw, 1024px\" \/>\t\t\t\t\t\t\t\t\t\t\t\t\t\t\t<\/div>\n\t\t\t\t<\/div>\n\t\t\t\t<div class=\"elementor-element elementor-element-805750c elementor-widget elementor-widget-heading\" data-id=\"805750c\" data-element_type=\"widget\" data-widget_type=\"heading.default\">\n\t\t\t\t<div class=\"elementor-widget-container\">\n\t\t\t<h5 class=\"elementor-heading-title elementor-size-default\">Pre\u010do ste sa rozhodli u\u010di\u0165 pr\u00e1ve na UNIZA?<\/h5>\t\t<\/div>\n\t\t\t\t<\/div>\n\t\t\t\t<div class=\"elementor-element elementor-element-8b70cce elementor-widget elementor-widget-text-editor\" data-id=\"8b70cce\" data-element_type=\"widget\" data-widget_type=\"text-editor.default\">\n\t\t\t\t<div class=\"elementor-widget-container\">\n\t\t\t\t\t\t\t<p><span style=\"font-weight: 400;\">Moje p\u00f4sobenie na UNIZA je v\u00fdsledkom n\u00e1hody. N\u00e1hodou som sa dozvedela, \u017ee s\u00fa\u010das\u0165ou \u017dilinskej univerzity je vtedaj\u0161ia Fakulta pr\u00edrodn\u00fdch vied (dnes FHV) a\u00a0Katedra kni\u017eni\u010dno-informa\u010dn\u00fdch \u0161t\u00fadi\u00ed a\u00a0didaktiky informatiky (dnes Katedra mediamatiky a\u00a0kult\u00farneho dedi\u010dstva), prihl\u00e1sila som sa do v\u00fdberov\u00e9ho konania, vybrali ma a\u00a0od roku 2006 som svoje p\u00f4sobisko napriek\/na\u0161\u0165astie\u00a0\u00a0r\u00f4znym okolnostiam nezmenila.<\/span><\/p>\t\t\t\t\t\t<\/div>\n\t\t\t\t<\/div>\n\t\t\t\t\t<\/div>\n\t\t<\/div>\n\t\t\t\t\t\t\t<\/div>\n\t\t<\/section>\n\t\t\t\t\t\t\t<\/div>\n\t\t","protected":false},"excerpt":{"rendered":"<p>Rozhovor s pani dekankou Slavkou Pito\u0148\u00e1kovou je zameran\u00fd na jej kari\u00e9ru pedag\u00f3ga, predo\u0161l\u00e9 sk\u00fasenosti v m\u00e9di\u00e1ch a aj trochu z neform\u00e1lnej str\u00e1nky o jej z\u00e1\u013eub\u00e1ch a \u0161t\u00fadiu. Na \u00favod, ak\u00fd predmet u\u010d\u00edte? U\u010d\u00edm predmety z\u00a0oblasti medi\u00e1lnej a\u00a0marketingovej komunik\u00e1cie (zameranie na PR a\u00a0reklamu), prezenta\u010dn\u00e9 zru\u010dnosti a\u00a0storytelling, ale aj predmety orientovan\u00e9 na\u00a0\u00a0filmov\u00fa tvorbu. Ako dlho sa u\u017e &hellip;<\/p>\n<p class=\"read-more\"> <a class=\"\" href=\"https:\/\/others.ucimesaweby.sk\/kontakt\/phdr-slavka-pitonakova-phd\/\"> <span class=\"screen-reader-text\">PhDr. Slavka Pito\u0148\u00e1kov\u00e1, PhD.<\/span> \u010c\u00edtajte viac &raquo;<\/a><\/p>\n","protected":false},"author":1,"featured_media":1230,"comment_status":"open","ping_status":"open","sticky":false,"template":"","format":"standard","meta":{"site-sidebar-layout":"default","site-content-layout":"","ast-site-content-layout":"","site-content-style":"default","site-sidebar-style":"default","ast-global-header-display":"","ast-banner-title-visibility":"","ast-main-header-display":"","ast-hfb-above-header-display":"","ast-hfb-below-header-display":"","ast-hfb-mobile-header-display":"","site-post-title":"","ast-breadcrumbs-content":"","ast-featured-img":"disabled","footer-sml-layout":"","theme-transparent-header-meta":"","adv-header-id-meta":"","stick-header-meta":"","header-above-stick-meta":"","header-main-stick-meta":"","header-below-stick-meta":"","astra-migrate-meta-layouts":"","footnotes":""},"categories":[14],"tags":[],"_links":{"self":[{"href":"https:\/\/others.ucimesaweby.sk\/kontakt\/wp-json\/wp\/v2\/posts\/683"}],"collection":[{"href":"https:\/\/others.ucimesaweby.sk\/kontakt\/wp-json\/wp\/v2\/posts"}],"about":[{"href":"https:\/\/others.ucimesaweby.sk\/kontakt\/wp-json\/wp\/v2\/types\/post"}],"author":[{"embeddable":true,"href":"https:\/\/others.ucimesaweby.sk\/kontakt\/wp-json\/wp\/v2\/users\/1"}],"replies":[{"embeddable":true,"href":"https:\/\/others.ucimesaweby.sk\/kontakt\/wp-json\/wp\/v2\/comments?post=683"}],"version-history":[{"count":53,"href":"https:\/\/others.ucimesaweby.sk\/kontakt\/wp-json\/wp\/v2\/posts\/683\/revisions"}],"predecessor-version":[{"id":1237,"href":"https:\/\/others.ucimesaweby.sk\/kontakt\/wp-json\/wp\/v2\/posts\/683\/revisions\/1237"}],"wp:featuredmedia":[{"embeddable":true,"href":"https:\/\/others.ucimesaweby.sk\/kontakt\/wp-json\/wp\/v2\/media\/1230"}],"wp:attachment":[{"href":"https:\/\/others.ucimesaweby.sk\/kontakt\/wp-json\/wp\/v2\/media?parent=683"}],"wp:term":[{"taxonomy":"category","embeddable":true,"href":"https:\/\/others.ucimesaweby.sk\/kontakt\/wp-json\/wp\/v2\/categories?post=683"},{"taxonomy":"post_tag","embeddable":true,"href":"https:\/\/others.ucimesaweby.sk\/kontakt\/wp-json\/wp\/v2\/tags?post=683"}],"curies":[{"name":"wp","href":"https:\/\/api.w.org\/{rel}","templated":true}]}}