{"id":681,"date":"2022-11-23T18:00:31","date_gmt":"2022-11-23T18:00:31","guid":{"rendered":"https:\/\/others.ucimesaweby.sk\/kontakt\/?p=681"},"modified":"2022-11-24T01:14:09","modified_gmt":"2022-11-24T01:14:09","slug":"mgr-daniel-stehlik","status":"publish","type":"post","link":"https:\/\/others.ucimesaweby.sk\/kontakt\/mgr-daniel-stehlik\/","title":{"rendered":"Mgr. Daniel Stehl\u00edk"},"content":{"rendered":"\t\t<div data-elementor-type=\"wp-post\" data-elementor-id=\"681\" class=\"elementor elementor-681\">\n\t\t\t\t\t\t\t\t\t<section class=\"elementor-section elementor-top-section elementor-element elementor-element-bca4cb9 elementor-section-boxed elementor-section-height-default elementor-section-height-default\" data-id=\"bca4cb9\" data-element_type=\"section\">\n\t\t\t\t\t\t<div class=\"elementor-container elementor-column-gap-default\">\n\t\t\t\t\t<div class=\"elementor-column elementor-col-100 elementor-top-column elementor-element elementor-element-ff96b0d\" data-id=\"ff96b0d\" data-element_type=\"column\">\n\t\t\t<div class=\"elementor-widget-wrap elementor-element-populated\">\n\t\t\t\t\t\t\t\t<div class=\"elementor-element elementor-element-bc735a2 elementor-widget elementor-widget-heading\" data-id=\"bc735a2\" data-element_type=\"widget\" data-widget_type=\"heading.default\">\n\t\t\t\t<div class=\"elementor-widget-container\">\n\t\t\t<style>\/*! elementor - v3.16.0 - 20-09-2023 *\/\n.elementor-heading-title{padding:0;margin:0;line-height:1}.elementor-widget-heading .elementor-heading-title[class*=elementor-size-]>a{color:inherit;font-size:inherit;line-height:inherit}.elementor-widget-heading .elementor-heading-title.elementor-size-small{font-size:15px}.elementor-widget-heading .elementor-heading-title.elementor-size-medium{font-size:19px}.elementor-widget-heading .elementor-heading-title.elementor-size-large{font-size:29px}.elementor-widget-heading .elementor-heading-title.elementor-size-xl{font-size:39px}.elementor-widget-heading .elementor-heading-title.elementor-size-xxl{font-size:59px}<\/style><h6 class=\"elementor-heading-title elementor-size-default\">V rozhovore s doktorandom Danielom Stehl\u00edkom sa s nami podelil o nie\u010do zo svojho pracovn\u00e9ho \u017eivota: ako za\u010d\u00ednaj\u00faceho profesora a z\u00e1rove\u0148 aj \u00faspe\u0161n\u00e9ho \u0161portov\u00e9ho fotografa.<\/h6>\t\t<\/div>\n\t\t\t\t<\/div>\n\t\t\t\t\t<\/div>\n\t\t<\/div>\n\t\t\t\t\t\t\t<\/div>\n\t\t<\/section>\n\t\t\t\t<section class=\"elementor-section elementor-top-section elementor-element elementor-element-bab0f1d elementor-section-boxed elementor-section-height-default elementor-section-height-default\" data-id=\"bab0f1d\" data-element_type=\"section\">\n\t\t\t\t\t\t<div class=\"elementor-container elementor-column-gap-default\">\n\t\t\t\t\t<div class=\"elementor-column elementor-col-50 elementor-top-column elementor-element elementor-element-6d71ff1\" data-id=\"6d71ff1\" data-element_type=\"column\">\n\t\t\t<div class=\"elementor-widget-wrap elementor-element-populated\">\n\t\t\t\t\t\t\t\t<div class=\"elementor-element elementor-element-250c36d elementor-widget elementor-widget-image\" data-id=\"250c36d\" data-element_type=\"widget\" data-widget_type=\"image.default\">\n\t\t\t\t<div class=\"elementor-widget-container\">\n\t\t\t<style>\/*! elementor - v3.16.0 - 20-09-2023 *\/\n.elementor-widget-image{text-align:center}.elementor-widget-image a{display:inline-block}.elementor-widget-image a img[src$=\".svg\"]{width:48px}.elementor-widget-image img{vertical-align:middle;display:inline-block}<\/style>\t\t\t\t\t\t\t\t\t\t\t\t<img decoding=\"async\" loading=\"lazy\" width=\"683\" height=\"1024\" src=\"https:\/\/others.ucimesaweby.sk\/kontakt\/wp-content\/uploads\/2022\/11\/1B6A4272-683x1024.jpg\" class=\"attachment-large size-large wp-image-808\" alt=\"\" srcset=\"https:\/\/others.ucimesaweby.sk\/kontakt\/wp-content\/uploads\/2022\/11\/1B6A4272-683x1024.jpg 683w, https:\/\/others.ucimesaweby.sk\/kontakt\/wp-content\/uploads\/2022\/11\/1B6A4272-scaled-600x900.jpg 600w, https:\/\/others.ucimesaweby.sk\/kontakt\/wp-content\/uploads\/2022\/11\/1B6A4272-200x300.jpg 200w, https:\/\/others.ucimesaweby.sk\/kontakt\/wp-content\/uploads\/2022\/11\/1B6A4272-768x1152.jpg 768w, https:\/\/others.ucimesaweby.sk\/kontakt\/wp-content\/uploads\/2022\/11\/1B6A4272-1024x1536.jpg 1024w, https:\/\/others.ucimesaweby.sk\/kontakt\/wp-content\/uploads\/2022\/11\/1B6A4272-1365x2048.jpg 1365w, https:\/\/others.ucimesaweby.sk\/kontakt\/wp-content\/uploads\/2022\/11\/1B6A4272-scaled.jpg 1707w\" sizes=\"(max-width: 683px) 100vw, 683px\" \/>\t\t\t\t\t\t\t\t\t\t\t\t\t\t\t<\/div>\n\t\t\t\t<\/div>\n\t\t\t\t\t<\/div>\n\t\t<\/div>\n\t\t\t\t<div class=\"elementor-column elementor-col-50 elementor-top-column elementor-element elementor-element-28ac576\" data-id=\"28ac576\" data-element_type=\"column\">\n\t\t\t<div class=\"elementor-widget-wrap elementor-element-populated\">\n\t\t\t\t\t\t\t\t<div class=\"elementor-element elementor-element-ee6f159 elementor-widget elementor-widget-heading\" data-id=\"ee6f159\" data-element_type=\"widget\" data-widget_type=\"heading.default\">\n\t\t\t\t<div class=\"elementor-widget-container\">\n\t\t\t<h5 class=\"elementor-heading-title elementor-size-default\">Ak\u00fd predmet u\u010d\u00edte?<\/h5>\t\t<\/div>\n\t\t\t\t<\/div>\n\t\t\t\t<div class=\"elementor-element elementor-element-383e486 elementor-widget elementor-widget-text-editor\" data-id=\"383e486\" data-element_type=\"widget\" data-widget_type=\"text-editor.default\">\n\t\t\t\t<div class=\"elementor-widget-container\">\n\t\t\t<style>\/*! elementor - v3.16.0 - 20-09-2023 *\/\n.elementor-widget-text-editor.elementor-drop-cap-view-stacked .elementor-drop-cap{background-color:#69727d;color:#fff}.elementor-widget-text-editor.elementor-drop-cap-view-framed .elementor-drop-cap{color:#69727d;border:3px solid;background-color:transparent}.elementor-widget-text-editor:not(.elementor-drop-cap-view-default) .elementor-drop-cap{margin-top:8px}.elementor-widget-text-editor:not(.elementor-drop-cap-view-default) .elementor-drop-cap-letter{width:1em;height:1em}.elementor-widget-text-editor .elementor-drop-cap{float:left;text-align:center;line-height:1;font-size:50px}.elementor-widget-text-editor .elementor-drop-cap-letter{display:inline-block}<\/style>\t\t\t\t<p><span style=\"font-weight: 400;\">V\u00a0s\u00fa\u010dasnosti vyu\u010dujem dva predmety,\u00a0jedn\u00fdm z\u00a0nich je \u00davod do dej\u00edn, kde sa venujeme b\u00e1daniu v\u00a0r\u00e1mci ur\u010dit\u00fdch obdob\u00ed, predov\u0161etk\u00fdm slovensk\u00fdch dej\u00edn. \u0160tudenti maj\u00fa mo\u017enos\u0165 nazrie\u0165 do toho, ako sa napr\u00edklad vyv\u00edjala sloven\u010dina v\u00a0r\u00f4znych obdobiach alebo si pozrie\u0165 biblick\u00fa \u010de\u0161tinu, pracova\u0165 s\u00a0\u0148ou, \u010d\u00edta\u0165 ju a\u00a0pok\u00fasi\u0165 sa ju prelo\u017ei\u0165.<\/span><\/p><p><span style=\"font-weight: 400;\">Druh\u00fd predmet, ktor\u00fd vyu\u010dujem, je kritick\u00e9 myslenie. Jeho s\u00fa\u010das\u0165ou je to, aby \u0161tudenti vedeli <\/span><span style=\"font-weight: 400;\">vyjadri\u0165 svoj n\u00e1zor, argumentova\u0165 a reagova\u0165 na r\u00f4zne citliv\u00e9 t\u00e9my a situ\u00e1cie, s ktor\u00fdmi sa\u00a0<\/span><span style=\"font-weight: 400;\">v\u00a0\u017eivote stret\u00e1vaj\u00fa.<\/span><\/p>\t\t\t\t\t\t<\/div>\n\t\t\t\t<\/div>\n\t\t\t\t<div class=\"elementor-element elementor-element-f9272eb elementor-widget elementor-widget-heading\" data-id=\"f9272eb\" data-element_type=\"widget\" data-widget_type=\"heading.default\">\n\t\t\t\t<div class=\"elementor-widget-container\">\n\t\t\t<h5 class=\"elementor-heading-title elementor-size-default\">Ako dlho sa u\u017e u\u010deniu venujete?<\/h5>\t\t<\/div>\n\t\t\t\t<\/div>\n\t\t\t\t<div class=\"elementor-element elementor-element-15324e1 elementor-widget elementor-widget-text-editor\" data-id=\"15324e1\" data-element_type=\"widget\" data-widget_type=\"text-editor.default\">\n\t\t\t\t<div class=\"elementor-widget-container\">\n\t\t\t\t\t\t\t<p><span style=\"font-weight: 400;\">Ak by som to mohol zhrn\u00fa\u0165 v\u00a0s\u00falade s ur\u010dit\u00fdmi oficialitami, tak vyu\u010dujem pribli\u017ene mesiac a\u00a0pol v\u00a0r\u00e1mci doktorandsk\u00e9ho \u0161t\u00fadia. Ale ak by som mohol prezradi\u0165 aj nejak\u00e9 detaily z\u00a0minulosti, tak som mal sk\u00fasenosti aj po\u010das magistersk\u00e9ho \u0161t\u00fadia \u010di z\u00a0vlastnej praxe, ke\u010f som nieko\u013eko \u013eud\u00ed vyu\u010doval a\u00a0vysvet\u013eoval im r\u00f4zne inform\u00e1cie z oblasti fotografie.<\/span><\/p>\t\t\t\t\t\t<\/div>\n\t\t\t\t<\/div>\n\t\t\t\t\t<\/div>\n\t\t<\/div>\n\t\t\t\t\t\t\t<\/div>\n\t\t<\/section>\n\t\t\t\t<section class=\"elementor-section elementor-top-section elementor-element elementor-element-b086abb elementor-section-boxed elementor-section-height-default elementor-section-height-default\" data-id=\"b086abb\" data-element_type=\"section\">\n\t\t\t\t\t\t<div class=\"elementor-container elementor-column-gap-default\">\n\t\t\t\t\t<div class=\"elementor-column elementor-col-100 elementor-top-column elementor-element elementor-element-8b2922c\" data-id=\"8b2922c\" data-element_type=\"column\">\n\t\t\t<div class=\"elementor-widget-wrap elementor-element-populated\">\n\t\t\t\t\t\t\t\t<div class=\"elementor-element elementor-element-9223b42 elementor-widget elementor-widget-image\" data-id=\"9223b42\" data-element_type=\"widget\" data-widget_type=\"image.default\">\n\t\t\t\t<div class=\"elementor-widget-container\">\n\t\t\t\t\t\t\t\t\t\t\t\t\t\t\t<img decoding=\"async\" loading=\"lazy\" width=\"1024\" height=\"683\" src=\"https:\/\/others.ucimesaweby.sk\/kontakt\/wp-content\/uploads\/2022\/11\/1B6A4252-1024x683.jpg\" class=\"attachment-large size-large wp-image-751\" alt=\"\" srcset=\"https:\/\/others.ucimesaweby.sk\/kontakt\/wp-content\/uploads\/2022\/11\/1B6A4252-1024x683.jpg 1024w, https:\/\/others.ucimesaweby.sk\/kontakt\/wp-content\/uploads\/2022\/11\/1B6A4252-scaled-600x400.jpg 600w, https:\/\/others.ucimesaweby.sk\/kontakt\/wp-content\/uploads\/2022\/11\/1B6A4252-300x200.jpg 300w, https:\/\/others.ucimesaweby.sk\/kontakt\/wp-content\/uploads\/2022\/11\/1B6A4252-768x512.jpg 768w, https:\/\/others.ucimesaweby.sk\/kontakt\/wp-content\/uploads\/2022\/11\/1B6A4252-1536x1024.jpg 1536w, https:\/\/others.ucimesaweby.sk\/kontakt\/wp-content\/uploads\/2022\/11\/1B6A4252-2048x1365.jpg 2048w\" sizes=\"(max-width: 1024px) 100vw, 1024px\" \/>\t\t\t\t\t\t\t\t\t\t\t\t\t\t\t<\/div>\n\t\t\t\t<\/div>\n\t\t\t\t\t<\/div>\n\t\t<\/div>\n\t\t\t\t\t\t\t<\/div>\n\t\t<\/section>\n\t\t\t\t<section class=\"elementor-section elementor-top-section elementor-element elementor-element-761496e elementor-section-boxed elementor-section-height-default elementor-section-height-default\" data-id=\"761496e\" data-element_type=\"section\">\n\t\t\t\t\t\t<div class=\"elementor-container elementor-column-gap-default\">\n\t\t\t\t\t<div class=\"elementor-column elementor-col-50 elementor-top-column elementor-element elementor-element-dd8cd96\" data-id=\"dd8cd96\" data-element_type=\"column\">\n\t\t\t<div class=\"elementor-widget-wrap elementor-element-populated\">\n\t\t\t\t\t\t\t\t<div class=\"elementor-element elementor-element-2ea84f7 elementor-widget elementor-widget-heading\" data-id=\"2ea84f7\" data-element_type=\"widget\" data-widget_type=\"heading.default\">\n\t\t\t\t<div class=\"elementor-widget-container\">\n\t\t\t<h5 class=\"elementor-heading-title elementor-size-default\">Za t\u00fato dobu u\u010denia m\u00e1te nie\u010do, \u010do ste si na tom ob\u013e\u00fabili? \u010co v\u00e1s najviac bav\u00ed?<\/h5>\t\t<\/div>\n\t\t\t\t<\/div>\n\t\t\t\t<div class=\"elementor-element elementor-element-a69cbd7 elementor-widget elementor-widget-text-editor\" data-id=\"a69cbd7\" data-element_type=\"widget\" data-widget_type=\"text-editor.default\">\n\t\t\t\t<div class=\"elementor-widget-container\">\n\t\t\t\t\t\t\t<p><span style=\"font-weight: 400;\">Pravdepodobne asi diskusia so samotn\u00fdmi \u0161tudentmi. To je to, \u010do \u010dloveka asi najviac bav\u00ed a <\/span><span style=\"font-weight: 400;\">nap\u013a\u0148a v\u00a0tomto smere. Samozrejme, aj vysvet\u013eova\u0165 a\u00a0vzdel\u00e1va\u0165 v r\u00e1mci\u00a0r\u00f4znych t\u00e9m, ale najlep\u0161ia je samotn\u00e1 interakcia so \u0161tudentmi. Preto\u017ee v\u017edy m\u00f4\u017ee by\u0165 ve\u013emi obohacuj\u00faca a\u00a0\u010dlovek sa dozved\u00e1 mo\u017eno aj nov\u00e9 inform\u00e1cie, vymie\u0148a si n\u00e1zory a\u00a0podobne.<\/span><\/p>\t\t\t\t\t\t<\/div>\n\t\t\t\t<\/div>\n\t\t\t\t<div class=\"elementor-element elementor-element-f7f49da elementor-widget elementor-widget-heading\" data-id=\"f7f49da\" data-element_type=\"widget\" data-widget_type=\"heading.default\">\n\t\t\t\t<div class=\"elementor-widget-container\">\n\t\t\t<h5 class=\"elementor-heading-title elementor-size-default\">Keby ste mohli robi\u0165 \u010doko\u013evek in\u00e9, \u010do by to bolo? Vlastne to z \u010dasti u\u017e aj rob\u00edte, v\u0161ak?<\/h5>\t\t<\/div>\n\t\t\t\t<\/div>\n\t\t\t\t<div class=\"elementor-element elementor-element-1c62873 elementor-widget elementor-widget-text-editor\" data-id=\"1c62873\" data-element_type=\"widget\" data-widget_type=\"text-editor.default\">\n\t\t\t\t<div class=\"elementor-widget-container\">\n\t\t\t\t\t\t\t<p><span style=\"font-weight: 400;\">Samozrejme, \u0165a\u017eko na toto odpoveda\u0165, ke\u010f\u017ee to u\u017e aj rob\u00edm, ako ste spomenuli. U\u010denie ma teraz za\u010dalo bavi\u0165. Je zauj\u00edmav\u00e9 pozrie\u0165 sa z poh\u013eadu tej druhej strany, by\u0165 na lodi s pedag\u00f3gmi a vidie\u0165 \u0161tudentov u\u017e z inej \u010dasti. Viem sa v\u017ei\u0165 do r\u00f4znych smerov, pochopi\u0165 aj \u0161tudentov, ale aj pedag\u00f3gov.\u00a0<\/span><span style=\"font-weight: 400;\">Ak by som si mal v\u0161ak vybra\u0165 nie\u010do in\u00e9, bolo by to pr\u00e1ve, \u010do u\u017e teda rob\u00edm: pr\u00e1ca <\/span><span style=\"font-weight: 400;\">profesion\u00e1lneho fotografa. Ak to m\u00e1m rozvin\u00fa\u0165 detailnej\u0161ie, tak som v tomto smere\u00a0<\/span><span style=\"font-weight: 400;\">predov\u0161etk\u00fdm foto\u017eurnalista alebo fotograf so \u0161portov\u00fdm zameran\u00edm. Okrem toho som robil aj kn\u00edhkupca.<\/span><\/p>\t\t\t\t\t\t<\/div>\n\t\t\t\t<\/div>\n\t\t\t\t<div class=\"elementor-element elementor-element-951ca2b elementor-widget elementor-widget-heading\" data-id=\"951ca2b\" data-element_type=\"widget\" data-widget_type=\"heading.default\">\n\t\t\t\t<div class=\"elementor-widget-container\">\n\t\t\t<h5 class=\"elementor-heading-title elementor-size-default\">Mysl\u00edm si, \u017ee sa t\u00e1to ot\u00e1zka u\u017e z \u010dasti vypovedala predt\u00fdm, ale ak\u00e9 s\u00fa va\u0161e kon\u00ed\u010dky?<\/h5>\t\t<\/div>\n\t\t\t\t<\/div>\n\t\t\t\t<div class=\"elementor-element elementor-element-b4d4015 elementor-widget elementor-widget-text-editor\" data-id=\"b4d4015\" data-element_type=\"widget\" data-widget_type=\"text-editor.default\">\n\t\t\t\t<div class=\"elementor-widget-container\">\n\t\t\t\t\t\t\t<p><span style=\"font-weight: 400;\">Svoje kon\u00ed\u010dky sa sna\u017e\u00edm zl\u00fa\u010di\u0165 s vo\u013en\u00fdm \u010dasom, ktor\u00fd mi zost\u00e1va popri univerzite a foten\u00ed.\u00a0<\/span><span style=\"font-weight: 400;\">Niekedy ho nie je ve\u013ea, ale ak je, tak r\u00e1d \u0161portujem. Bicykel, inline alebo posil\u0148ovanie. Okrem <\/span><span style=\"font-weight: 400;\">toho r\u00e1d \u010d\u00edtam knihy, po\u010d\u00favam hudbu alebo chod\u00edm aj na prech\u00e1dzky so psom, respekt\u00edve <\/span><span style=\"font-weight: 400;\">si\u00a0ob\u010das zahr\u00e1m aj \u0161ach.<\/span><\/p>\t\t\t\t\t\t<\/div>\n\t\t\t\t<\/div>\n\t\t\t\t<div class=\"elementor-element elementor-element-60237c4 elementor-widget elementor-widget-heading\" data-id=\"60237c4\" data-element_type=\"widget\" data-widget_type=\"heading.default\">\n\t\t\t\t<div class=\"elementor-widget-container\">\n\t\t\t<h5 class=\"elementor-heading-title elementor-size-default\">Ke\u010f ste spomenuli t\u00fa hudbu, ak\u00fd je V\u00e1\u0161 ob\u013e\u00faben\u00fd hudobn\u00fd \u017e\u00e1ner?<\/h5>\t\t<\/div>\n\t\t\t\t<\/div>\n\t\t\t\t<div class=\"elementor-element elementor-element-5bcd4a1 elementor-widget elementor-widget-text-editor\" data-id=\"5bcd4a1\" data-element_type=\"widget\" data-widget_type=\"text-editor.default\">\n\t\t\t\t<div class=\"elementor-widget-container\">\n\t\t\t\t\t\t\t<p><span style=\"font-weight: 400;\">Nem\u00e1m \u00faplne ob\u013e\u00faben\u00fd. Kedysi som mal, teraz u\u017e nie. Ak by som mal vybra\u0165 z ob\u013e\u00faben\u00fdch\u00a0<\/span><span style=\"font-weight: 400;\">kapiel, je to napr\u00edklad Linkin Park, Imagine Dragons alebo aj Nightwish. Ale ako vrav\u00edm, <\/span><span style=\"font-weight: 400;\">vypo\u010dujem si v\u0161etko, \u010do sa mi zap\u00e1\u010di.<\/span><\/p>\t\t\t\t\t\t<\/div>\n\t\t\t\t<\/div>\n\t\t\t\t<div class=\"elementor-element elementor-element-c4344ae elementor-widget elementor-widget-heading\" data-id=\"c4344ae\" data-element_type=\"widget\" data-widget_type=\"heading.default\">\n\t\t\t\t<div class=\"elementor-widget-container\">\n\t\t\t<h5 class=\"elementor-heading-title elementor-size-default\">A \u010do sa t\u00fdka literat\u00fary?<\/h5>\t\t<\/div>\n\t\t\t\t<\/div>\n\t\t\t\t<div class=\"elementor-element elementor-element-6dcb492 elementor-widget elementor-widget-text-editor\" data-id=\"6dcb492\" data-element_type=\"widget\" data-widget_type=\"text-editor.default\">\n\t\t\t\t<div class=\"elementor-widget-container\">\n\t\t\t\t\t\t\t<p><span style=\"font-weight: 400;\">Rovnako by som mohol poveda\u0165, \u017ee \u010d\u00edtam asi v\u0161etko, \u010do sa mi p\u00e1\u010di. M\u00e1m r\u00e1d fantasy a <\/span><span style=\"font-weight: 400;\">autobiografick\u00e9 diela. Tie ma celkom zaujali v poslednej dobe. \u010ci u\u017e o Mattheowi McConaughim alebo naposledy o Arnoldovi Schwarzeneggerovi. A keby\u017ee chcem urobi\u0165 reklamu, tak ma najbli\u017e\u0161ie \u010dak\u00e1 Will Smith.\u00a0<\/span><span style=\"font-weight: 400;\">Okrem toho aj historick\u00e9 rom\u00e1ny z obdobia 2. svetovej vojny. Mysl\u00edm si, \u017ee si to treba v ur\u010ditom smere pripom\u00edna\u0165 a zis\u0165ova\u0165 nov\u00e9 \u013eudsk\u00e9 pr\u00edbehy z toho naj\u010dernej\u0161ieho obdobia civiliz\u00e1cie.\u00a0<\/span><span style=\"font-weight: 400;\">A aby som nezabudol, taktie\u017e m\u00e1m r\u00e1d poviedky z r\u00f4znych kraj\u00edn sveta ako napr\u00edklad Nordic\u00a0<\/span><span style=\"font-weight: 400;\">Tales a\u00a0to ve\u013emi odpor\u00fa\u010dam, preto\u017ee je to zauj\u00edmav\u00fd poh\u013ead na \u010das\u0165 hist\u00f3rie a\u00a0trad\u00edci\u00ed seversk\u00fdch kraj\u00edn a\u00a0je pekn\u00e9, ako je ich kult\u00fara stavan\u00e1 na t\u00fdchto poviedkach.<\/span><\/p>\t\t\t\t\t\t<\/div>\n\t\t\t\t<\/div>\n\t\t\t\t<div class=\"elementor-element elementor-element-7d0479a elementor-widget elementor-widget-heading\" data-id=\"7d0479a\" data-element_type=\"widget\" data-widget_type=\"heading.default\">\n\t\t\t\t<div class=\"elementor-widget-container\">\n\t\t\t<h5 class=\"elementor-heading-title elementor-size-default\">Teraz sa vr\u00e1tim trochu k tomu vyu\u010dovaniu, \u010do v\u00e1s motivovalo sta\u0165 sa pedag\u00f3gom?<\/h5>\t\t<\/div>\n\t\t\t\t<\/div>\n\t\t\t\t<div class=\"elementor-element elementor-element-18d1f92 elementor-widget elementor-widget-text-editor\" data-id=\"18d1f92\" data-element_type=\"widget\" data-widget_type=\"text-editor.default\">\n\t\t\t\t<div class=\"elementor-widget-container\">\n\t\t\t\t\t\t\t<p><span style=\"font-weight: 400;\">Mo\u017eno to, \u017ee v ur\u010ditom smere som chcel roz\u0161irova\u0165 vedomosti \u0161tudentov, u\u010di\u0165 ich nov\u00e9 veci a\u00a0<\/span><span style=\"font-weight: 400;\">komunikova\u0165 s nimi. Ale prioritn\u00fdm cie\u013eom bolo, ak v\u0161etko vyjde, roz\u0161irovanie vedomost\u00ed\u00a0<\/span><span style=\"font-weight: 400;\">\u0161tudentov v r\u00e1mci fotografie. V pr\u00edpade, \u017ee by moje ciele vy\u0161li, tak aj to, aby si vysk\u00fa\u0161ali, ako to v praxi re\u00e1lne funguje z poh\u013eadu fotografa. Mo\u017eno by som aj priviedol spolo\u010dnos\u0165 Canon alebo aspo\u0148 st\u00e1nok alebo workshop na p\u00f4du univerzity, aby si mohli vysk\u00fa\u0161a\u0165 aj techniku a spojitosti v praxi.<\/span><\/p>\t\t\t\t\t\t<\/div>\n\t\t\t\t<\/div>\n\t\t\t\t<div class=\"elementor-element elementor-element-ddea4ff elementor-widget elementor-widget-heading\" data-id=\"ddea4ff\" data-element_type=\"widget\" data-widget_type=\"heading.default\">\n\t\t\t\t<div class=\"elementor-widget-container\">\n\t\t\t<h5 class=\"elementor-heading-title elementor-size-default\">M\u00e1te radu pre \u0161tudentov, ako zvl\u00e1dnu\u0165 \u0161t\u00fadium na V\u0160?<\/h5>\t\t<\/div>\n\t\t\t\t<\/div>\n\t\t\t\t<div class=\"elementor-element elementor-element-08c32b5 elementor-widget elementor-widget-text-editor\" data-id=\"08c32b5\" data-element_type=\"widget\" data-widget_type=\"text-editor.default\">\n\t\t\t\t<div class=\"elementor-widget-container\">\n\t\t\t\t\t\t\t<p><span style=\"font-weight: 400;\">Ak je to mo\u017en\u00e9, tak aby to brali skuto\u010dne v\u00e1\u017ene. Ke\u010f u\u017e sa dostali na univerzitu, m\u00f4\u017eu sa <\/span><span style=\"font-weight: 400;\">rozv\u00edja\u0165 a nadob\u00fada\u0165 vedomosti. Ur\u010dite by sa mali zamera\u0165 na to, \u010do ich skuto\u010dne bav\u00ed, lebo nie je ni\u010d d\u00f4le\u017eitej\u0161ie ako robi\u0165 to, \u010do \u010dloveka bav\u00ed. Ak by to \u0161lo, tak ur\u010dite prepoji\u0165 \u0161t\u00fadium aj <\/span><span style=\"font-weight: 400;\">s nejakou praxou. Potom viete aj sk\u013abi\u0165 tie nadobudnut\u00e9 vedomosti s tou z\u00edskanou praxou\u00a0<\/span><span style=\"font-weight: 400;\">a\u00a0rozv\u00edjate sa nielen sami, ale ke\u010f sa budete chcie\u0165 uch\u00e1dza\u0165 o\u00a0nejak\u00e9 zamestnanie, budete ma\u0165 v\u00fdhodu.<\/span><\/p>\t\t\t\t\t\t<\/div>\n\t\t\t\t<\/div>\n\t\t\t\t<div class=\"elementor-element elementor-element-5f97c1f elementor-widget elementor-widget-image\" data-id=\"5f97c1f\" data-element_type=\"widget\" data-widget_type=\"image.default\">\n\t\t\t\t<div class=\"elementor-widget-container\">\n\t\t\t\t\t\t\t\t\t\t\t\t\t\t\t<img decoding=\"async\" loading=\"lazy\" width=\"1024\" height=\"683\" src=\"https:\/\/others.ucimesaweby.sk\/kontakt\/wp-content\/uploads\/2022\/11\/1B6A4268-1024x683.jpg\" class=\"attachment-large size-large wp-image-810\" alt=\"\" srcset=\"https:\/\/others.ucimesaweby.sk\/kontakt\/wp-content\/uploads\/2022\/11\/1B6A4268-1024x683.jpg 1024w, https:\/\/others.ucimesaweby.sk\/kontakt\/wp-content\/uploads\/2022\/11\/1B6A4268-scaled-600x400.jpg 600w, https:\/\/others.ucimesaweby.sk\/kontakt\/wp-content\/uploads\/2022\/11\/1B6A4268-300x200.jpg 300w, https:\/\/others.ucimesaweby.sk\/kontakt\/wp-content\/uploads\/2022\/11\/1B6A4268-768x512.jpg 768w, https:\/\/others.ucimesaweby.sk\/kontakt\/wp-content\/uploads\/2022\/11\/1B6A4268-1536x1024.jpg 1536w, https:\/\/others.ucimesaweby.sk\/kontakt\/wp-content\/uploads\/2022\/11\/1B6A4268-2048x1366.jpg 2048w\" sizes=\"(max-width: 1024px) 100vw, 1024px\" \/>\t\t\t\t\t\t\t\t\t\t\t\t\t\t\t<\/div>\n\t\t\t\t<\/div>\n\t\t\t\t\t<\/div>\n\t\t<\/div>\n\t\t\t\t<div class=\"elementor-column elementor-col-50 elementor-top-column elementor-element elementor-element-2159fc5\" data-id=\"2159fc5\" data-element_type=\"column\">\n\t\t\t<div class=\"elementor-widget-wrap elementor-element-populated\">\n\t\t\t\t\t\t\t\t<div class=\"elementor-element elementor-element-c166293 elementor-widget elementor-widget-heading\" data-id=\"c166293\" data-element_type=\"widget\" data-widget_type=\"heading.default\">\n\t\t\t\t<div class=\"elementor-widget-container\">\n\t\t\t<h5 class=\"elementor-heading-title elementor-size-default\">Add Your Heading Text Here<\/h5>\t\t<\/div>\n\t\t\t\t<\/div>\n\t\t\t\t<div class=\"elementor-element elementor-element-0a92bcb elementor-widget elementor-widget-text-editor\" data-id=\"0a92bcb\" data-element_type=\"widget\" data-widget_type=\"text-editor.default\">\n\t\t\t\t<div class=\"elementor-widget-container\">\n\t\t\t\t\t\t\t<p><span style=\"font-weight: 400;\">K\u00a0fotografii samotnej ma priviedol m\u00f4j otec, s\u00a0ktor\u00fdm som fotil od roku 2013. Od vtedy som\u00a0<\/span><span style=\"font-style: inherit; background-color: var(--ast-global-color-5); color: var(--ast-global-color-3);\">za\u010dal s\u00a0otcom viac foti\u0165 r\u00f4zne akcie,\u00a0eventy a\u00a0podobne. S\u00a0t\u00fdm, \u017ee v\u00a0roku 2017 sme sa rozhodli, \u017ee si zalo\u017e\u00edme svoju vlastn\u00fa fotozna\u010dku, ktor\u00fa budeme orientova\u0165 predov\u0161etk\u00fdm na eventov\u00fa a\u00a0\u0161portov\u00fa fotografiu. Z\u00e1rove\u0148 som mal a\u00a0st\u00e1le m\u00e1m aj ve\u013emi bl\u00edzky vz\u0165ah k\u00a0\u0161portu. To sa postupne za\u010dalo sp\u00e1ja\u0165, \u0161port s\u00a0fotografiou, a\u00a0teraz sa venujem pr\u00e1ve fotografovaniu \u0161portov\u00fdch udalost\u00ed, eventov a\u00a0z\u00e1pasov. V\u00a0podstate v\u0161etko, \u010do je orientovan\u00e9 na \u0161port. Ale za t\u00fdm cel\u00fdm s\u00fa dlh\u00e9 hodiny sk\u00fa\u0161ania, fotenia. Proste foti\u0165, foti\u0165, foti\u0165 a maka\u0165, maka\u0165, maka\u0165. Bez toho to nejde.\u00a0<\/span><span style=\"font-style: inherit; background-color: var(--ast-global-color-5); color: var(--ast-global-color-3);\">A\u00a0ke\u010f \u010dlovek na sebe pracuje a\u00a0vie by\u0165 k\u00a0sebe kritick\u00fd, respekt\u00edve ma\u0165 chu\u0165 zlep\u0161ova\u0165 sa\u00a0<\/span><span style=\"font-style: inherit; background-color: var(--ast-global-color-5); color: var(--ast-global-color-3);\">v\u00a0oblasti fotografie, tak potom to vyt\u00fa\u017een\u00e9 ovocie nakoniec pr\u00edde.<\/span><\/p>\t\t\t\t\t\t<\/div>\n\t\t\t\t<\/div>\n\t\t\t\t<div class=\"elementor-element elementor-element-1f13566 elementor-widget elementor-widget-heading\" data-id=\"1f13566\" data-element_type=\"widget\" data-widget_type=\"heading.default\">\n\t\t\t\t<div class=\"elementor-widget-container\">\n\t\t\t<h5 class=\"elementor-heading-title elementor-size-default\">Ke\u010f u\u017e sme pri tom \u0161porte, ak\u00fd je V\u00e1\u0161 ob\u013e\u00faben\u00fd?<\/h5>\t\t<\/div>\n\t\t\t\t<\/div>\n\t\t\t\t<div class=\"elementor-element elementor-element-87aadab elementor-widget elementor-widget-text-editor\" data-id=\"87aadab\" data-element_type=\"widget\" data-widget_type=\"text-editor.default\">\n\t\t\t\t<div class=\"elementor-widget-container\">\n\t\t\t\t\t\t\t<p><span style=\"font-weight: 400;\">To je ur\u010dite n\u00e1ro\u010dn\u00e1 ot\u00e1zka, ke\u010f\u017ee ja konkr\u00e9tne fot\u00edm pre 3 \u0161portov\u00e9 kluby. Je to celkom <\/span><span style=\"font-weight: 400;\">nerozhodn\u00fd stav, ale z osobn\u00e9ho h\u013eadiska si r\u00e1d pozriem futbal a hokej. Samozrejme, ke\u010f\u00a0<\/span><span style=\"font-weight: 400;\">fotografujem r\u00f4zne odvetvia \u0161portu, tak ma \u0165ah\u00e1 sledova\u0165 v\u00fdkony ka\u017ed\u00e9ho z t\u00fdch klubov.\u00a0<\/span><span style=\"font-weight: 400;\">V posledn\u00fdch pribli\u017ene dvoch rokoch \u010di u\u017e fotograficky alebo osobne v\u0161ak najviac \u017eijem pr\u00e1ve\u00a0<\/span><span style=\"font-weight: 400;\">futbalom.<\/span><\/p>\t\t\t\t\t\t<\/div>\n\t\t\t\t<\/div>\n\t\t\t\t<div class=\"elementor-element elementor-element-4c60d1d elementor-widget elementor-widget-image\" data-id=\"4c60d1d\" data-element_type=\"widget\" data-widget_type=\"image.default\">\n\t\t\t\t<div class=\"elementor-widget-container\">\n\t\t\t\t\t\t\t\t\t\t\t\t\t\t\t<img decoding=\"async\" loading=\"lazy\" width=\"683\" height=\"1024\" src=\"https:\/\/others.ucimesaweby.sk\/kontakt\/wp-content\/uploads\/2022\/11\/1B6A4258-683x1024.jpg\" class=\"attachment-large size-large wp-image-809\" alt=\"\" srcset=\"https:\/\/others.ucimesaweby.sk\/kontakt\/wp-content\/uploads\/2022\/11\/1B6A4258-683x1024.jpg 683w, https:\/\/others.ucimesaweby.sk\/kontakt\/wp-content\/uploads\/2022\/11\/1B6A4258-scaled-600x900.jpg 600w, https:\/\/others.ucimesaweby.sk\/kontakt\/wp-content\/uploads\/2022\/11\/1B6A4258-200x300.jpg 200w, https:\/\/others.ucimesaweby.sk\/kontakt\/wp-content\/uploads\/2022\/11\/1B6A4258-768x1152.jpg 768w, https:\/\/others.ucimesaweby.sk\/kontakt\/wp-content\/uploads\/2022\/11\/1B6A4258-1024x1536.jpg 1024w, https:\/\/others.ucimesaweby.sk\/kontakt\/wp-content\/uploads\/2022\/11\/1B6A4258-1365x2048.jpg 1365w, https:\/\/others.ucimesaweby.sk\/kontakt\/wp-content\/uploads\/2022\/11\/1B6A4258-scaled.jpg 1707w\" sizes=\"(max-width: 683px) 100vw, 683px\" \/>\t\t\t\t\t\t\t\t\t\t\t\t\t\t\t<\/div>\n\t\t\t\t<\/div>\n\t\t\t\t<div class=\"elementor-element elementor-element-0ca09a2 elementor-widget elementor-widget-heading\" data-id=\"0ca09a2\" data-element_type=\"widget\" data-widget_type=\"heading.default\">\n\t\t\t\t<div class=\"elementor-widget-container\">\n\t\t\t<h5 class=\"elementor-heading-title elementor-size-default\">M\u00e1te nejak\u00fd z\u00e1\u017eitok\/vtipn\u00fa pr\u00edhodu z va\u0161ej doteraj\u0161ej kari\u00e9ry bu\u010f pedag\u00f3ga alebo\nfotografa?\n<\/h5>\t\t<\/div>\n\t\t\t\t<\/div>\n\t\t\t\t<div class=\"elementor-element elementor-element-d581a67 elementor-widget elementor-widget-text-editor\" data-id=\"d581a67\" data-element_type=\"widget\" data-widget_type=\"text-editor.default\">\n\t\t\t\t<div class=\"elementor-widget-container\">\n\t\t\t\t\t\t\t<p><span style=\"font-weight: 400;\">Vtipn\u00fa pr\u00edhodu ur\u010dite m\u00e1m a to napr\u00edklad, ke\u010f sme fotili s M\u0160K \u017dilina v roku 2021 propag\u00e1ciu\u00a0<\/span><span style=\"font-weight: 400;\">nov\u00fdch dresov. Niektor\u00fdch z chalanov zauj\u00edmalo fotenie a fungovanie fotoapar\u00e1tu. A pr\u00e1ve tak si super \u010dlovek a hr\u00e1\u010d z\u00e1rove\u0148, Benson Anang, zobral m\u00f4j fotoapar\u00e1t a sna\u017eil sa foti\u0165 dan\u00fa\u00a0<\/span><span style=\"font-weight: 400;\">propag\u00e1ciu vlastn\u00fdm sp\u00f4sobom. Vtedy sme sa celkom nasmiali na tom, \u017ee naberal nov\u00e9 <\/span><span style=\"font-weight: 400;\">sk\u00fasenosti popri profesion\u00e1lnom futbale. Vtedy vznikli aj fotografie Bensona s\u00a0fotoapar\u00e1tom.<\/span><\/p>\t\t\t\t\t\t<\/div>\n\t\t\t\t<\/div>\n\t\t\t\t<div class=\"elementor-element elementor-element-d373c7c elementor-widget elementor-widget-heading\" data-id=\"d373c7c\" data-element_type=\"widget\" data-widget_type=\"heading.default\">\n\t\t\t\t<div class=\"elementor-widget-container\">\n\t\t\t<h5 class=\"elementor-heading-title elementor-size-default\">Ak\u00fd bol v\u00e1\u0161 ob\u013e\u00faben\u00fd predmet, ke\u010f ste \u0161tudovali?<\/h5>\t\t<\/div>\n\t\t\t\t<\/div>\n\t\t\t\t<div class=\"elementor-element elementor-element-df35ce8 elementor-widget elementor-widget-text-editor\" data-id=\"df35ce8\" data-element_type=\"widget\" data-widget_type=\"text-editor.default\">\n\t\t\t\t<div class=\"elementor-widget-container\">\n\t\t\t\t\t\t\t<p><span style=\"font-weight: 400;\">T\u00fdch predmetov bolo viacero, ale v\u00e4\u010d\u0161inou boli viac medi\u00e1lne zameran\u00e9. Ur\u010dite m\u00f4\u017eem poveda\u0165, \u017ee v\u00a0magisterskom ro\u010dn\u00edku sa mi p\u00e1\u010dil predmet, kde sme sa u\u010dili o problematike UX dizajnu. To bolo celkom zauj\u00edmav\u00e9 a\u00a0nie\u010do nov\u00e9 pre m\u0148a do praxe. Napokon som mal na UX dizajn zameran\u00fa aj diplomov\u00fa pr\u00e1cu. A\u00a0stal sa z\u00a0toho aj \u010fal\u0161\u00ed smer do \u017eivota, ktor\u00fdm by ste sa mohli vyda\u0165 a\u00a0urobi\u0165 si takzvan\u00e9 \u201ez\u00e1chrann\u00e9 koleso\u201c.<\/span><\/p>\t\t\t\t\t\t<\/div>\n\t\t\t\t<\/div>\n\t\t\t\t<div class=\"elementor-element elementor-element-a943a27 elementor-widget elementor-widget-heading\" data-id=\"a943a27\" data-element_type=\"widget\" data-widget_type=\"heading.default\">\n\t\t\t\t<div class=\"elementor-widget-container\">\n\t\t\t<h5 class=\"elementor-heading-title elementor-size-default\">A moja z\u00e1vere\u010dn\u00e1 ot\u00e1zka: Pre\u010do ste sa rozhodli u\u010di\u0165 pr\u00e1ve na UNIZA?<\/h5>\t\t<\/div>\n\t\t\t\t<\/div>\n\t\t\t\t<div class=\"elementor-element elementor-element-c7f01c7 elementor-widget elementor-widget-text-editor\" data-id=\"c7f01c7\" data-element_type=\"widget\" data-widget_type=\"text-editor.default\">\n\t\t\t\t<div class=\"elementor-widget-container\">\n\t\t\t\t\t\t\t<p><span style=\"font-weight: 400;\">Je to univerzita, kde som nadobudol sk\u00fasenosti a\u00a0vedomosti v\u00a0posledn\u00fdch piatich rokoch. M\u00e1m r\u00e1d jej prostredie nako\u013eko v\u00a0\u017diline pracujem aj ako fotograf a\u00a0v\u0161etko sa to sp\u00e1ja. A\u00a0ke\u010f\u017ee som tu p\u00f4sobil aj ako bakal\u00e1r a\u00a0magister a\u00a0m\u00e1m tu aj v\u00a0r\u00e1mci doktorandov bl\u00edzkych priate\u013eov, povedal som si, \u017ee by bolo fajn pokra\u010dova\u0165 tu tie\u017e ako doktorand a\u00a0nie len pre \u010fal\u0161\u00ed sebarozvoj, ale aj nadv\u00e4znosti na vzdel\u00e1vanie \u0161tudentov v\u00a0ur\u010dit\u00fdch oblastiach.<\/span><\/p>\t\t\t\t\t\t<\/div>\n\t\t\t\t<\/div>\n\t\t\t\t\t<\/div>\n\t\t<\/div>\n\t\t\t\t\t\t\t<\/div>\n\t\t<\/section>\n\t\t\t\t\t\t\t<\/div>\n\t\t","protected":false},"excerpt":{"rendered":"<p>V rozhovore s doktorandom Danielom Stehl\u00edkom sa s nami podelil o nie\u010do zo svojho pracovn\u00e9ho \u017eivota: ako za\u010d\u00ednaj\u00faceho profesora a z\u00e1rove\u0148 aj \u00faspe\u0161n\u00e9ho \u0161portov\u00e9ho fotografa. Ak\u00fd predmet u\u010d\u00edte? V&nbsp;s\u00fa\u010dasnosti vyu\u010dujem dva predmety,&nbsp;jedn\u00fdm z&nbsp;nich je \u00davod do dej\u00edn, kde sa venujeme b\u00e1daniu v&nbsp;r\u00e1mci ur\u010dit\u00fdch obdob\u00ed, predov\u0161etk\u00fdm slovensk\u00fdch dej\u00edn. \u0160tudenti maj\u00fa mo\u017enos\u0165 nazrie\u0165 do toho, ako sa &hellip;<\/p>\n<p class=\"read-more\"> <a class=\"\" href=\"https:\/\/others.ucimesaweby.sk\/kontakt\/mgr-daniel-stehlik\/\"> <span class=\"screen-reader-text\">Mgr. Daniel Stehl\u00edk<\/span> \u010c\u00edtajte viac &raquo;<\/a><\/p>\n","protected":false},"author":1,"featured_media":810,"comment_status":"open","ping_status":"open","sticky":false,"template":"","format":"standard","meta":{"site-sidebar-layout":"default","site-content-layout":"","ast-site-content-layout":"","site-content-style":"default","site-sidebar-style":"default","ast-global-header-display":"","ast-banner-title-visibility":"","ast-main-header-display":"","ast-hfb-above-header-display":"","ast-hfb-below-header-display":"","ast-hfb-mobile-header-display":"","site-post-title":"","ast-breadcrumbs-content":"","ast-featured-img":"disabled","footer-sml-layout":"","theme-transparent-header-meta":"","adv-header-id-meta":"","stick-header-meta":"","header-above-stick-meta":"","header-main-stick-meta":"","header-below-stick-meta":"","astra-migrate-meta-layouts":"","footnotes":""},"categories":[14],"tags":[],"_links":{"self":[{"href":"https:\/\/others.ucimesaweby.sk\/kontakt\/wp-json\/wp\/v2\/posts\/681"}],"collection":[{"href":"https:\/\/others.ucimesaweby.sk\/kontakt\/wp-json\/wp\/v2\/posts"}],"about":[{"href":"https:\/\/others.ucimesaweby.sk\/kontakt\/wp-json\/wp\/v2\/types\/post"}],"author":[{"embeddable":true,"href":"https:\/\/others.ucimesaweby.sk\/kontakt\/wp-json\/wp\/v2\/users\/1"}],"replies":[{"embeddable":true,"href":"https:\/\/others.ucimesaweby.sk\/kontakt\/wp-json\/wp\/v2\/comments?post=681"}],"version-history":[{"count":14,"href":"https:\/\/others.ucimesaweby.sk\/kontakt\/wp-json\/wp\/v2\/posts\/681\/revisions"}],"predecessor-version":[{"id":1076,"href":"https:\/\/others.ucimesaweby.sk\/kontakt\/wp-json\/wp\/v2\/posts\/681\/revisions\/1076"}],"wp:featuredmedia":[{"embeddable":true,"href":"https:\/\/others.ucimesaweby.sk\/kontakt\/wp-json\/wp\/v2\/media\/810"}],"wp:attachment":[{"href":"https:\/\/others.ucimesaweby.sk\/kontakt\/wp-json\/wp\/v2\/media?parent=681"}],"wp:term":[{"taxonomy":"category","embeddable":true,"href":"https:\/\/others.ucimesaweby.sk\/kontakt\/wp-json\/wp\/v2\/categories?post=681"},{"taxonomy":"post_tag","embeddable":true,"href":"https:\/\/others.ucimesaweby.sk\/kontakt\/wp-json\/wp\/v2\/tags?post=681"}],"curies":[{"name":"wp","href":"https:\/\/api.w.org\/{rel}","templated":true}]}}