{"id":679,"date":"2022-11-23T18:00:08","date_gmt":"2022-11-23T18:00:08","guid":{"rendered":"https:\/\/others.ucimesaweby.sk\/kontakt\/?p=679"},"modified":"2022-11-24T01:13:42","modified_gmt":"2022-11-24T01:13:42","slug":"doc-marian-grupac-phd","status":"publish","type":"post","link":"https:\/\/others.ucimesaweby.sk\/kontakt\/doc-marian-grupac-phd\/","title":{"rendered":"Doc. Mari\u00e1n Grupa\u010d, PhD."},"content":{"rendered":"\t\t<div data-elementor-type=\"wp-post\" data-elementor-id=\"679\" class=\"elementor elementor-679\">\n\t\t\t\t\t\t\t\t\t<section class=\"elementor-section elementor-top-section elementor-element elementor-element-e480638 elementor-section-boxed elementor-section-height-default elementor-section-height-default\" data-id=\"e480638\" data-element_type=\"section\">\n\t\t\t\t\t\t<div class=\"elementor-container elementor-column-gap-default\">\n\t\t\t\t\t<div class=\"elementor-column elementor-col-100 elementor-top-column elementor-element elementor-element-99e7625\" data-id=\"99e7625\" data-element_type=\"column\">\n\t\t\t<div class=\"elementor-widget-wrap elementor-element-populated\">\n\t\t\t\t\t\t\t\t<div class=\"elementor-element elementor-element-7dffebf elementor-widget elementor-widget-heading\" data-id=\"7dffebf\" data-element_type=\"widget\" data-widget_type=\"heading.default\">\n\t\t\t\t<div class=\"elementor-widget-container\">\n\t\t\t<style>\/*! elementor - v3.16.0 - 20-09-2023 *\/\n.elementor-heading-title{padding:0;margin:0;line-height:1}.elementor-widget-heading .elementor-heading-title[class*=elementor-size-]>a{color:inherit;font-size:inherit;line-height:inherit}.elementor-widget-heading .elementor-heading-title.elementor-size-small{font-size:15px}.elementor-widget-heading .elementor-heading-title.elementor-size-medium{font-size:19px}.elementor-widget-heading .elementor-heading-title.elementor-size-large{font-size:29px}.elementor-widget-heading .elementor-heading-title.elementor-size-xl{font-size:39px}.elementor-widget-heading .elementor-heading-title.elementor-size-xxl{font-size:59px}<\/style><h6 class=\"elementor-heading-title elementor-size-default\">Prv\u00fd rozhovor je s docentom Mari\u00e1nom Grupa\u010dom, ktor\u00fd sa s nami ochotne porozpr\u00e1val o svojej kari\u00e9re, z\u00e1\u013eub\u00e1ch a u\u010den\u00ed na \u017dilinskej univerzite v \u017diline.<\/h6>\t\t<\/div>\n\t\t\t\t<\/div>\n\t\t\t\t\t<\/div>\n\t\t<\/div>\n\t\t\t\t\t\t\t<\/div>\n\t\t<\/section>\n\t\t\t\t<section class=\"elementor-section elementor-top-section elementor-element elementor-element-f95b36f elementor-section-boxed elementor-section-height-default elementor-section-height-default\" data-id=\"f95b36f\" data-element_type=\"section\">\n\t\t\t\t\t\t<div class=\"elementor-container elementor-column-gap-default\">\n\t\t\t\t\t<div class=\"elementor-column elementor-col-50 elementor-top-column elementor-element elementor-element-989c643\" data-id=\"989c643\" data-element_type=\"column\">\n\t\t\t<div class=\"elementor-widget-wrap elementor-element-populated\">\n\t\t\t\t\t\t\t\t<div class=\"elementor-element elementor-element-c25b644 elementor-widget elementor-widget-image\" data-id=\"c25b644\" data-element_type=\"widget\" data-widget_type=\"image.default\">\n\t\t\t\t<div class=\"elementor-widget-container\">\n\t\t\t<style>\/*! elementor - v3.16.0 - 20-09-2023 *\/\n.elementor-widget-image{text-align:center}.elementor-widget-image a{display:inline-block}.elementor-widget-image a img[src$=\".svg\"]{width:48px}.elementor-widget-image img{vertical-align:middle;display:inline-block}<\/style>\t\t\t\t\t\t\t\t\t\t\t\t<img decoding=\"async\" loading=\"lazy\" width=\"682\" height=\"1024\" src=\"https:\/\/others.ucimesaweby.sk\/kontakt\/wp-content\/uploads\/2022\/11\/1B6A4309-682x1024.jpg\" class=\"attachment-large size-large wp-image-821\" alt=\"\" srcset=\"https:\/\/others.ucimesaweby.sk\/kontakt\/wp-content\/uploads\/2022\/11\/1B6A4309-682x1024.jpg 682w, https:\/\/others.ucimesaweby.sk\/kontakt\/wp-content\/uploads\/2022\/11\/1B6A4309-scaled-600x900.jpg 600w, https:\/\/others.ucimesaweby.sk\/kontakt\/wp-content\/uploads\/2022\/11\/1B6A4309-200x300.jpg 200w, https:\/\/others.ucimesaweby.sk\/kontakt\/wp-content\/uploads\/2022\/11\/1B6A4309-768x1152.jpg 768w, https:\/\/others.ucimesaweby.sk\/kontakt\/wp-content\/uploads\/2022\/11\/1B6A4309-1024x1536.jpg 1024w, https:\/\/others.ucimesaweby.sk\/kontakt\/wp-content\/uploads\/2022\/11\/1B6A4309-1365x2048.jpg 1365w, https:\/\/others.ucimesaweby.sk\/kontakt\/wp-content\/uploads\/2022\/11\/1B6A4309-scaled.jpg 1706w\" sizes=\"(max-width: 682px) 100vw, 682px\" \/>\t\t\t\t\t\t\t\t\t\t\t\t\t\t\t<\/div>\n\t\t\t\t<\/div>\n\t\t\t\t<div class=\"elementor-element elementor-element-b0620f2 elementor-widget elementor-widget-heading\" data-id=\"b0620f2\" data-element_type=\"widget\" data-widget_type=\"heading.default\">\n\t\t\t\t<div class=\"elementor-widget-container\">\n\t\t\t<h5 class=\"elementor-heading-title elementor-size-default\">Ke\u010f u\u017e ste spomenuli literat\u00faru, zauj\u00edmalo by ma, ak\u00fd je v\u00e1\u0161 ob\u013e\u00faben\u00fd \u017e\u00e1ner a \u010di\nexistuje kniha, ktor\u00fa by ste odporu\u010dili \u013eu\u010fom pre\u010d\u00edta\u0165?\n<\/h5>\t\t<\/div>\n\t\t\t\t<\/div>\n\t\t\t\t<div class=\"elementor-element elementor-element-651d21d elementor-widget elementor-widget-text-editor\" data-id=\"651d21d\" data-element_type=\"widget\" data-widget_type=\"text-editor.default\">\n\t\t\t\t<div class=\"elementor-widget-container\">\n\t\t\t<style>\/*! elementor - v3.16.0 - 20-09-2023 *\/\n.elementor-widget-text-editor.elementor-drop-cap-view-stacked .elementor-drop-cap{background-color:#69727d;color:#fff}.elementor-widget-text-editor.elementor-drop-cap-view-framed .elementor-drop-cap{color:#69727d;border:3px solid;background-color:transparent}.elementor-widget-text-editor:not(.elementor-drop-cap-view-default) .elementor-drop-cap{margin-top:8px}.elementor-widget-text-editor:not(.elementor-drop-cap-view-default) .elementor-drop-cap-letter{width:1em;height:1em}.elementor-widget-text-editor .elementor-drop-cap{float:left;text-align:center;line-height:1;font-size:50px}.elementor-widget-text-editor .elementor-drop-cap-letter{display:inline-block}<\/style>\t\t\t\t<p><span style=\"font-weight: 400;\">V literat\u00fare m\u00e1m ob\u013e\u00faben\u00e9 v\u0161etky \u017e\u00e1nre. Ja knihy milujem! V\u0161etky. Som absol\u00fatne liter\u00e1rne <\/span><span style=\"font-weight: 400;\">promiskuitn\u00fd. Odpor\u00fa\u010dal by som stovky kn\u00edh, ale ka\u017ed\u00fd ma in\u00fd vkus, tak\u017ee len m\u00f4\u017eem <\/span><span style=\"font-weight: 400;\">poznamena\u0165, \u017ee posledn\u00fa knihu, ktor\u00fa som pre\u010d\u00edtal, bola zbierka poviedok: Prvn\u00ed osoba <\/span><span style=\"font-weight: 400;\">jednotn\u00e9ho \u010d\u00edsla od \u00fa\u017easn\u00e9ho japonsk\u00e9ho prozaika Haruki Murakamiho&#8230; \u010d\u00edtal som ju na <\/span><span style=\"font-weight: 400;\">dovolenke na pl\u00e1\u017ei v Larnace na Cypre a sp\u00e1lil som si nohy a ruky od slnka&#8230; nemohol som <\/span><span style=\"font-weight: 400;\">presta\u0165 \u010d\u00edta\u0165. Je to skvel\u00e1 kniha. Napokon, ako v\u0161etky od Murakamiho.<\/span><\/p>\t\t\t\t\t\t<\/div>\n\t\t\t\t<\/div>\n\t\t\t\t\t<\/div>\n\t\t<\/div>\n\t\t\t\t<div class=\"elementor-column elementor-col-50 elementor-top-column elementor-element elementor-element-cbedb54\" data-id=\"cbedb54\" data-element_type=\"column\">\n\t\t\t<div class=\"elementor-widget-wrap elementor-element-populated\">\n\t\t\t\t\t\t\t\t<div class=\"elementor-element elementor-element-491ad7f elementor-widget elementor-widget-heading\" data-id=\"491ad7f\" data-element_type=\"widget\" data-widget_type=\"heading.default\">\n\t\t\t\t<div class=\"elementor-widget-container\">\n\t\t\t<h5 class=\"elementor-heading-title elementor-size-default\">Ak\u00fd predmet u\u010d\u00edte?<\/h5>\t\t<\/div>\n\t\t\t\t<\/div>\n\t\t\t\t<div class=\"elementor-element elementor-element-9232872 elementor-widget elementor-widget-text-editor\" data-id=\"9232872\" data-element_type=\"widget\" data-widget_type=\"text-editor.default\">\n\t\t\t\t<div class=\"elementor-widget-container\">\n\t\t\t\t\t\t\t<p><span style=\"font-weight: 400;\">Jazykov\u00e1 kult\u00fara, Vybran\u00e9 kapitoly z medi\u00e1lneho kou\u010dingu, Etika m\u00e9di\u00ed 1, 2, Medi\u00e1lna a <\/span><span style=\"font-weight: 400;\">digit\u00e1lna gramotnos\u0165, Informa\u010dn\u00e9 zdroje a slu\u017eby, Tvoriv\u00e9 p\u00edsanie, Slovensk\u00e1 a svetov\u00e1 po\u00e9zia, Jazyk m\u00e9di\u00ed a Kult\u00farno-historick\u00e9 kontexty liter\u00e1rneho umenia.<\/span><\/p>\t\t\t\t\t\t<\/div>\n\t\t\t\t<\/div>\n\t\t\t\t<div class=\"elementor-element elementor-element-6f56d46 elementor-widget elementor-widget-heading\" data-id=\"6f56d46\" data-element_type=\"widget\" data-widget_type=\"heading.default\">\n\t\t\t\t<div class=\"elementor-widget-container\">\n\t\t\t<h5 class=\"elementor-heading-title elementor-size-default\">Ako dlho sa u\u010deniu venujete?<\/h5>\t\t<\/div>\n\t\t\t\t<\/div>\n\t\t\t\t<div class=\"elementor-element elementor-element-937ab22 elementor-widget elementor-widget-text-editor\" data-id=\"937ab22\" data-element_type=\"widget\" data-widget_type=\"text-editor.default\">\n\t\t\t\t<div class=\"elementor-widget-container\">\n\t\t\t\t\t\t\t<p><span style=\"font-weight: 400;\">Na doktorandsk\u00e9 \u0161t\u00fadium som nast\u00fapil v roku 2012, odvtedy aj u\u010d\u00edm.<\/span><\/p>\t\t\t\t\t\t<\/div>\n\t\t\t\t<\/div>\n\t\t\t\t<div class=\"elementor-element elementor-element-d43fbb4 elementor-widget elementor-widget-heading\" data-id=\"d43fbb4\" data-element_type=\"widget\" data-widget_type=\"heading.default\">\n\t\t\t\t<div class=\"elementor-widget-container\">\n\t\t\t<h5 class=\"elementor-heading-title elementor-size-default\">\u010co v\u00e1s najviac bav\u00ed na u\u010den\u00ed?<\/h5>\t\t<\/div>\n\t\t\t\t<\/div>\n\t\t\t\t<div class=\"elementor-element elementor-element-3c478eb elementor-widget elementor-widget-text-editor\" data-id=\"3c478eb\" data-element_type=\"widget\" data-widget_type=\"text-editor.default\">\n\t\t\t\t<div class=\"elementor-widget-container\">\n\t\t\t\t\t\t\t<p><span style=\"font-weight: 400;\">Mo\u017enos\u0165 \u0161tudova\u0165 nov\u00e9 kontexty t\u00e9m, h\u013eada\u0165 s\u00favislosti tam, kde nie s\u00fa na prv\u00fd poh\u013ead <\/span><span style=\"font-weight: 400;\">evidentn\u00e9, taktie\u017e interakcia mlad\u00fdch inteligentn\u00fdch \u013eud\u00ed a tie\u017e ma bav\u00ed ma\u0165 pr\u00edle\u017eitos\u0165 a <\/span><span style=\"font-weight: 400;\">mo\u017enos\u0165 profesion\u00e1lne formova\u0165 kreat\u00edvne a vn\u00edmav\u00e9 osobnosti \u0161tudentov.<\/span><\/p>\t\t\t\t\t\t<\/div>\n\t\t\t\t<\/div>\n\t\t\t\t<div class=\"elementor-element elementor-element-b010ea4 elementor-widget elementor-widget-heading\" data-id=\"b010ea4\" data-element_type=\"widget\" data-widget_type=\"heading.default\">\n\t\t\t\t<div class=\"elementor-widget-container\">\n\t\t\t<h5 class=\"elementor-heading-title elementor-size-default\">Keby ste mohli robi\u0165 \u010doko\u013evek in\u00e9, \u010do by to bolo?<\/h5>\t\t<\/div>\n\t\t\t\t<\/div>\n\t\t\t\t<div class=\"elementor-element elementor-element-b242335 elementor-widget elementor-widget-text-editor\" data-id=\"b242335\" data-element_type=\"widget\" data-widget_type=\"text-editor.default\">\n\t\t\t\t<div class=\"elementor-widget-container\">\n\t\t\t\t\t\t\t<p><span style=\"font-weight: 400;\">Viem si seba predstavi\u0165 ako novin\u00e1ra alebo (ne\u00faspe\u0161n\u00e9ho) spisovate\u013ea, ale to som aj tak. \ud83d\ude42<\/span><\/p>\t\t\t\t\t\t<\/div>\n\t\t\t\t<\/div>\n\t\t\t\t<div class=\"elementor-element elementor-element-d301ca2 elementor-widget elementor-widget-heading\" data-id=\"d301ca2\" data-element_type=\"widget\" data-widget_type=\"heading.default\">\n\t\t\t\t<div class=\"elementor-widget-container\">\n\t\t\t<h5 class=\"elementor-heading-title elementor-size-default\">Ak\u00e9 s\u00fa va\u0161e kon\u00ed\u010dky?<\/h5>\t\t<\/div>\n\t\t\t\t<\/div>\n\t\t\t\t<div class=\"elementor-element elementor-element-509cafe elementor-widget elementor-widget-text-editor\" data-id=\"509cafe\" data-element_type=\"widget\" data-widget_type=\"text-editor.default\">\n\t\t\t\t<div class=\"elementor-widget-container\">\n\t\t\t\t\t\t\t<p><span style=\"font-weight: 400;\">Literat\u00fara, film, v\u00fdtvarn\u00e9 umenie&#8230;<\/span><\/p>\t\t\t\t\t\t<\/div>\n\t\t\t\t<\/div>\n\t\t\t\t<div class=\"elementor-element elementor-element-a3a161a elementor-widget elementor-widget-heading\" data-id=\"a3a161a\" data-element_type=\"widget\" data-widget_type=\"heading.default\">\n\t\t\t\t<div class=\"elementor-widget-container\">\n\t\t\t<h5 class=\"elementor-heading-title elementor-size-default\">M\u00e1te nejak\u00fd z\u00e1\u017eitok\/vtipn\u00fa pr\u00edhodu z va\u0161ej doteraj\u0161ej kari\u00e9ry pedag\u00f3ga?<\/h5>\t\t<\/div>\n\t\t\t\t<\/div>\n\t\t\t\t<div class=\"elementor-element elementor-element-37b61d8 elementor-widget elementor-widget-text-editor\" data-id=\"37b61d8\" data-element_type=\"widget\" data-widget_type=\"text-editor.default\">\n\t\t\t\t<div class=\"elementor-widget-container\">\n\t\t\t\t\t\t\t<p><span style=\"font-weight: 400;\">M\u00e1m mnoho z\u00e1\u017eitkov. Tie, ktor\u00e9 s\u00fa vtipn\u00e9, s\u00fa zv\u00e4\u010d\u0161a nepublikovate\u013en\u00e9 a tie, ktor\u00e9 by aj <\/span><span style=\"font-weight: 400;\">publikovan\u00e9 by\u0165 mohli, som zabudol. Som u\u017e \u201cvo veku\u201c&#8230;<\/span><\/p>\t\t\t\t\t\t<\/div>\n\t\t\t\t<\/div>\n\t\t\t\t\t<\/div>\n\t\t<\/div>\n\t\t\t\t\t\t\t<\/div>\n\t\t<\/section>\n\t\t\t\t<section class=\"elementor-section elementor-top-section elementor-element elementor-element-ff72645 elementor-section-boxed elementor-section-height-default elementor-section-height-default\" data-id=\"ff72645\" data-element_type=\"section\">\n\t\t\t\t\t\t<div class=\"elementor-container elementor-column-gap-default\">\n\t\t\t\t\t<div class=\"elementor-column elementor-col-100 elementor-top-column elementor-element elementor-element-de17162\" data-id=\"de17162\" data-element_type=\"column\">\n\t\t\t<div class=\"elementor-widget-wrap elementor-element-populated\">\n\t\t\t\t\t\t\t\t<div class=\"elementor-element elementor-element-ead719d elementor-widget elementor-widget-image\" data-id=\"ead719d\" data-element_type=\"widget\" data-widget_type=\"image.default\">\n\t\t\t\t<div class=\"elementor-widget-container\">\n\t\t\t\t\t\t\t\t\t\t\t\t\t\t\t<img decoding=\"async\" loading=\"lazy\" width=\"1024\" height=\"683\" src=\"https:\/\/others.ucimesaweby.sk\/kontakt\/wp-content\/uploads\/2022\/11\/1B6A4302-1024x683.jpg\" class=\"attachment-large size-large wp-image-823\" alt=\"\" srcset=\"https:\/\/others.ucimesaweby.sk\/kontakt\/wp-content\/uploads\/2022\/11\/1B6A4302-1024x683.jpg 1024w, https:\/\/others.ucimesaweby.sk\/kontakt\/wp-content\/uploads\/2022\/11\/1B6A4302-scaled-600x400.jpg 600w, https:\/\/others.ucimesaweby.sk\/kontakt\/wp-content\/uploads\/2022\/11\/1B6A4302-300x200.jpg 300w, https:\/\/others.ucimesaweby.sk\/kontakt\/wp-content\/uploads\/2022\/11\/1B6A4302-768x512.jpg 768w, https:\/\/others.ucimesaweby.sk\/kontakt\/wp-content\/uploads\/2022\/11\/1B6A4302-1536x1024.jpg 1536w, https:\/\/others.ucimesaweby.sk\/kontakt\/wp-content\/uploads\/2022\/11\/1B6A4302-2048x1366.jpg 2048w\" sizes=\"(max-width: 1024px) 100vw, 1024px\" \/>\t\t\t\t\t\t\t\t\t\t\t\t\t\t\t<\/div>\n\t\t\t\t<\/div>\n\t\t\t\t\t<\/div>\n\t\t<\/div>\n\t\t\t\t\t\t\t<\/div>\n\t\t<\/section>\n\t\t\t\t<section class=\"elementor-section elementor-top-section elementor-element elementor-element-c439841 elementor-section-boxed elementor-section-height-default elementor-section-height-default\" data-id=\"c439841\" data-element_type=\"section\">\n\t\t\t\t\t\t<div class=\"elementor-container elementor-column-gap-default\">\n\t\t\t\t\t<div class=\"elementor-column elementor-col-50 elementor-top-column elementor-element elementor-element-ce996e8\" data-id=\"ce996e8\" data-element_type=\"column\">\n\t\t\t<div class=\"elementor-widget-wrap elementor-element-populated\">\n\t\t\t\t\t\t\t\t<div class=\"elementor-element elementor-element-25193f8 elementor-widget elementor-widget-heading\" data-id=\"25193f8\" data-element_type=\"widget\" data-widget_type=\"heading.default\">\n\t\t\t\t<div class=\"elementor-widget-container\">\n\t\t\t<h5 class=\"elementor-heading-title elementor-size-default\">\u010co v\u00e1s motivovalo sta\u0165 sa pedag\u00f3gom?<\/h5>\t\t<\/div>\n\t\t\t\t<\/div>\n\t\t\t\t<div class=\"elementor-element elementor-element-e1d7329 elementor-widget elementor-widget-text-editor\" data-id=\"e1d7329\" data-element_type=\"widget\" data-widget_type=\"text-editor.default\">\n\t\t\t\t<div class=\"elementor-widget-container\">\n\t\t\t\t\t\t\t<p><span style=\"font-weight: 400;\">Vlastne som nikdy vyslovene net\u00fa\u017eil po tom, aby som u\u010dil. Ale dnes som s t\u00fdm viac ako <\/span><span style=\"font-weight: 400;\">spokojn\u00fd.<\/span><\/p>\t\t\t\t\t\t<\/div>\n\t\t\t\t<\/div>\n\t\t\t\t<div class=\"elementor-element elementor-element-3a040f7 elementor-widget elementor-widget-heading\" data-id=\"3a040f7\" data-element_type=\"widget\" data-widget_type=\"heading.default\">\n\t\t\t\t<div class=\"elementor-widget-container\">\n\t\t\t<h5 class=\"elementor-heading-title elementor-size-default\">M\u00e1te radu pre \u0161tudentov, ako zvl\u00e1dnu\u0165 \u0161t\u00fadium na V\u0160?<\/h5>\t\t<\/div>\n\t\t\t\t<\/div>\n\t\t\t\t<div class=\"elementor-element elementor-element-4853998 elementor-widget elementor-widget-text-editor\" data-id=\"4853998\" data-element_type=\"widget\" data-widget_type=\"text-editor.default\">\n\t\t\t\t<div class=\"elementor-widget-container\">\n\t\t\t\t\t\t\t<p><span style=\"font-weight: 400;\">Budova\u0165 si seba\u00factu a v tejto s\u00favislosti sa \u2018\u2018stava\u0165\u2018\u2018 i k svojmu vzdelaniu. Samozrejme, <\/span><span style=\"font-weight: 400;\">nezanedb\u00e1va\u0165 ani \u0161tudentsk\u00fd \u017eivot, to k tomu ur\u010dite patr\u00ed \ud83d\ude42<\/span><\/p>\t\t\t\t\t\t<\/div>\n\t\t\t\t<\/div>\n\t\t\t\t\t<\/div>\n\t\t<\/div>\n\t\t\t\t<div class=\"elementor-column elementor-col-50 elementor-top-column elementor-element elementor-element-35d2923\" data-id=\"35d2923\" data-element_type=\"column\">\n\t\t\t<div class=\"elementor-widget-wrap elementor-element-populated\">\n\t\t\t\t\t\t\t\t<div class=\"elementor-element elementor-element-a71a3e0 elementor-widget elementor-widget-heading\" data-id=\"a71a3e0\" data-element_type=\"widget\" data-widget_type=\"heading.default\">\n\t\t\t\t<div class=\"elementor-widget-container\">\n\t\t\t<h5 class=\"elementor-heading-title elementor-size-default\">Ak\u00fd bol v\u00e1\u0161 ob\u013e\u00faben\u00fd predmet, ke\u010f ste \u0161tudovali?<\/h5>\t\t<\/div>\n\t\t\t\t<\/div>\n\t\t\t\t<div class=\"elementor-element elementor-element-10eeeac elementor-widget elementor-widget-text-editor\" data-id=\"10eeeac\" data-element_type=\"widget\" data-widget_type=\"text-editor.default\">\n\t\t\t\t<div class=\"elementor-widget-container\">\n\t\t\t\t\t\t\t<p><span style=\"font-weight: 400;\">Dejiny umenia, ktor\u00e9 vtedy predn\u00e1\u0161al doc. Dud\u00e1\u0161 a Slovensk\u00fa literat\u00faru, ktor\u00fa viedol prof. Mar\u010dok.<\/span><\/p>\t\t\t\t\t\t<\/div>\n\t\t\t\t<\/div>\n\t\t\t\t<div class=\"elementor-element elementor-element-738ac16 elementor-widget elementor-widget-heading\" data-id=\"738ac16\" data-element_type=\"widget\" data-widget_type=\"heading.default\">\n\t\t\t\t<div class=\"elementor-widget-container\">\n\t\t\t<h5 class=\"elementor-heading-title elementor-size-default\">Pre\u010do ste sa rozhodli u\u010di\u0165 pr\u00e1ve na UNIZA?<\/h5>\t\t<\/div>\n\t\t\t\t<\/div>\n\t\t\t\t<div class=\"elementor-element elementor-element-559cb7c elementor-widget elementor-widget-text-editor\" data-id=\"559cb7c\" data-element_type=\"widget\" data-widget_type=\"text-editor.default\">\n\t\t\t\t<div class=\"elementor-widget-container\">\n\t\t\t\t\t\t\t<p><span style=\"font-weight: 400;\">Napad\u00e1 mi sl\u00e1vna veta z legend\u00e1rnej \u010deskej filmovej kom\u00e9die Vrchn\u00ed, prchni!: \u201eVyu\u010dil jsem se <\/span><span style=\"font-weight: 400;\">jako kn\u00edhkupec, nastoupil jsem jako kn\u00edhkupec, po\u0159\u00e1d jsem kn\u00edhkupec, nic nem\u00e1m, nikde jsem nebyl, z ka\u017ed\u00e9ho man\u017eelstva jsem vy\u0161el o\u0161kubanej, l\u00edb\u00ed se mi \u017eensk\u00fd a na to jsem dojel&#8230;\u201c \ud83d\ude42 <\/span><span style=\"font-weight: 400;\">\u017dilinsk\u00e1 univerzita je moja alma mater. Tu som vy\u0161tudoval a za\u010dal i u\u010di\u0165. A taktie\u017e to tu m\u00e1m <\/span><span style=\"font-weight: 400;\">r\u00e1d.<\/span><\/p>\t\t\t\t\t\t<\/div>\n\t\t\t\t<\/div>\n\t\t\t\t\t<\/div>\n\t\t<\/div>\n\t\t\t\t\t\t\t<\/div>\n\t\t<\/section>\n\t\t\t\t\t\t\t<\/div>\n\t\t","protected":false},"excerpt":{"rendered":"<p>Prv\u00fd rozhovor je s docentom Mari\u00e1nom Grupa\u010dom, ktor\u00fd sa s nami ochotne porozpr\u00e1val o svojej kari\u00e9re, z\u00e1\u013eub\u00e1ch a u\u010den\u00ed na \u017dilinskej univerzite v \u017diline. Ke\u010f u\u017e ste spomenuli literat\u00faru, zauj\u00edmalo by ma, ak\u00fd je v\u00e1\u0161 ob\u013e\u00faben\u00fd \u017e\u00e1ner a \u010di existuje kniha, ktor\u00fa by ste odporu\u010dili \u013eu\u010fom pre\u010d\u00edta\u0165? V literat\u00fare m\u00e1m ob\u013e\u00faben\u00e9 v\u0161etky \u017e\u00e1nre. Ja knihy &hellip;<\/p>\n<p class=\"read-more\"> <a class=\"\" href=\"https:\/\/others.ucimesaweby.sk\/kontakt\/doc-marian-grupac-phd\/\"> <span class=\"screen-reader-text\">Doc. Mari\u00e1n Grupa\u010d, PhD.<\/span> \u010c\u00edtajte viac &raquo;<\/a><\/p>\n","protected":false},"author":1,"featured_media":823,"comment_status":"open","ping_status":"open","sticky":false,"template":"","format":"standard","meta":{"site-sidebar-layout":"default","site-content-layout":"","ast-site-content-layout":"","site-content-style":"default","site-sidebar-style":"default","ast-global-header-display":"","ast-banner-title-visibility":"","ast-main-header-display":"","ast-hfb-above-header-display":"","ast-hfb-below-header-display":"","ast-hfb-mobile-header-display":"","site-post-title":"","ast-breadcrumbs-content":"","ast-featured-img":"disabled","footer-sml-layout":"","theme-transparent-header-meta":"","adv-header-id-meta":"","stick-header-meta":"","header-above-stick-meta":"","header-main-stick-meta":"","header-below-stick-meta":"","astra-migrate-meta-layouts":"","footnotes":""},"categories":[14],"tags":[],"_links":{"self":[{"href":"https:\/\/others.ucimesaweby.sk\/kontakt\/wp-json\/wp\/v2\/posts\/679"}],"collection":[{"href":"https:\/\/others.ucimesaweby.sk\/kontakt\/wp-json\/wp\/v2\/posts"}],"about":[{"href":"https:\/\/others.ucimesaweby.sk\/kontakt\/wp-json\/wp\/v2\/types\/post"}],"author":[{"embeddable":true,"href":"https:\/\/others.ucimesaweby.sk\/kontakt\/wp-json\/wp\/v2\/users\/1"}],"replies":[{"embeddable":true,"href":"https:\/\/others.ucimesaweby.sk\/kontakt\/wp-json\/wp\/v2\/comments?post=679"}],"version-history":[{"count":11,"href":"https:\/\/others.ucimesaweby.sk\/kontakt\/wp-json\/wp\/v2\/posts\/679\/revisions"}],"predecessor-version":[{"id":1075,"href":"https:\/\/others.ucimesaweby.sk\/kontakt\/wp-json\/wp\/v2\/posts\/679\/revisions\/1075"}],"wp:featuredmedia":[{"embeddable":true,"href":"https:\/\/others.ucimesaweby.sk\/kontakt\/wp-json\/wp\/v2\/media\/823"}],"wp:attachment":[{"href":"https:\/\/others.ucimesaweby.sk\/kontakt\/wp-json\/wp\/v2\/media?parent=679"}],"wp:term":[{"taxonomy":"category","embeddable":true,"href":"https:\/\/others.ucimesaweby.sk\/kontakt\/wp-json\/wp\/v2\/categories?post=679"},{"taxonomy":"post_tag","embeddable":true,"href":"https:\/\/others.ucimesaweby.sk\/kontakt\/wp-json\/wp\/v2\/tags?post=679"}],"curies":[{"name":"wp","href":"https:\/\/api.w.org\/{rel}","templated":true}]}}