{"id":634,"date":"2022-11-23T17:37:02","date_gmt":"2022-11-23T17:37:02","guid":{"rendered":"https:\/\/others.ucimesaweby.sk\/kontakt\/?p=634"},"modified":"2022-11-29T20:31:10","modified_gmt":"2022-11-29T20:31:10","slug":"mima-haklova","status":"publish","type":"post","link":"https:\/\/others.ucimesaweby.sk\/kontakt\/mima-haklova\/","title":{"rendered":"Mima Haklov\u00e1 &#8211; Young Office"},"content":{"rendered":"\t\t<div data-elementor-type=\"wp-post\" data-elementor-id=\"634\" class=\"elementor elementor-634\">\n\t\t\t\t\t\t\t\t\t<section class=\"elementor-section elementor-top-section elementor-element elementor-element-cc04333 elementor-section-boxed elementor-section-height-default elementor-section-height-default\" data-id=\"cc04333\" data-element_type=\"section\">\n\t\t\t\t\t\t<div class=\"elementor-container elementor-column-gap-default\">\n\t\t\t\t\t<div class=\"elementor-column elementor-col-50 elementor-top-column elementor-element elementor-element-026e23b\" data-id=\"026e23b\" data-element_type=\"column\">\n\t\t\t<div class=\"elementor-widget-wrap elementor-element-populated\">\n\t\t\t\t\t\t\t\t<div class=\"elementor-element elementor-element-5c9cd94 elementor-widget elementor-widget-heading\" data-id=\"5c9cd94\" data-element_type=\"widget\" data-widget_type=\"heading.default\">\n\t\t\t\t<div class=\"elementor-widget-container\">\n\t\t\t<style>\/*! elementor - v3.16.0 - 20-09-2023 *\/\n.elementor-heading-title{padding:0;margin:0;line-height:1}.elementor-widget-heading .elementor-heading-title[class*=elementor-size-]>a{color:inherit;font-size:inherit;line-height:inherit}.elementor-widget-heading .elementor-heading-title.elementor-size-small{font-size:15px}.elementor-widget-heading .elementor-heading-title.elementor-size-medium{font-size:19px}.elementor-widget-heading .elementor-heading-title.elementor-size-large{font-size:29px}.elementor-widget-heading .elementor-heading-title.elementor-size-xl{font-size:39px}.elementor-widget-heading .elementor-heading-title.elementor-size-xxl{font-size:59px}<\/style><h2 class=\"elementor-heading-title elementor-size-default\">Mima Haklov\u00e1 - Young Office<\/h2>\t\t<\/div>\n\t\t\t\t<\/div>\n\t\t\t\t<div class=\"elementor-element elementor-element-88b5561 elementor-widget elementor-widget-text-editor\" data-id=\"88b5561\" data-element_type=\"widget\" data-widget_type=\"text-editor.default\">\n\t\t\t\t<div class=\"elementor-widget-container\">\n\t\t\t<style>\/*! elementor - v3.16.0 - 20-09-2023 *\/\n.elementor-widget-text-editor.elementor-drop-cap-view-stacked .elementor-drop-cap{background-color:#69727d;color:#fff}.elementor-widget-text-editor.elementor-drop-cap-view-framed .elementor-drop-cap{color:#69727d;border:3px solid;background-color:transparent}.elementor-widget-text-editor:not(.elementor-drop-cap-view-default) .elementor-drop-cap{margin-top:8px}.elementor-widget-text-editor:not(.elementor-drop-cap-view-default) .elementor-drop-cap-letter{width:1em;height:1em}.elementor-widget-text-editor .elementor-drop-cap{float:left;text-align:center;line-height:1;font-size:50px}.elementor-widget-text-editor .elementor-drop-cap-letter{display:inline-block}<\/style>\t\t\t\t<p><span style=\"font-weight: 400;\">Vitajte v rubrike <\/span><span style=\"font-weight: 400;\">mimo\u0161kolsk\u00fd \u017eivot na\u0161ich \u0161tudentov<\/span><span style=\"font-weight: 400;\">. V tejto rubrike v\u00e1m predstav\u00edme na\u0161ich \u0161ikovn\u00fdch \u0161tudentov, ktor\u00ed sa kreat\u00edvne vyb\u00faria aj vo svojom vo\u013enom \u010dase. N\u00e1\u0161 prv\u00fd rozhovor je s Mimou Haklovou a jej Young Office. <\/span><\/p><p><span style=\"font-weight: 400;\">Ak ste zo \u017diliny a m\u00e1te radi kult\u00farny \u017eivot, tak Young Office by mohol pre v\u00e1s by\u0165 t\u00fdm prav\u00fdm orechov\u00fdm. Koncerty prvotriednych hudobn\u00edkov s\u00edce neza\u017eijete, ale Young Office toho pon\u00faka omnoho viac. Zauj\u00edmav\u00e9 poh\u013eady na svet spracovan\u00fdch v umeleckom podan\u00ed a siln\u00fa komunitu mlad\u00fdch \u013eud\u00ed na jedine\u010dnom mieste, Stanica \u017dilina-Z\u00e1rie\u010die, sprev\u00e1dzan\u00fa jedine\u010dnou atmosf\u00e9rou. Tak\u00e9to akcie organizuje \u017eia\u010dka \u017dilinskej Univerzity v \u017diline, Mima Haklov\u00e1, ktor\u00e1 je taktie\u017e aj spoluzakladate\u013ekou.<\/span><\/p>\t\t\t\t\t\t<\/div>\n\t\t\t\t<\/div>\n\t\t\t\t\t<\/div>\n\t\t<\/div>\n\t\t\t\t<div class=\"elementor-column elementor-col-50 elementor-top-column elementor-element elementor-element-92de739\" data-id=\"92de739\" data-element_type=\"column\">\n\t\t\t<div class=\"elementor-widget-wrap elementor-element-populated\">\n\t\t\t\t\t\t\t\t<div class=\"elementor-element elementor-element-7c88742 elementor-widget elementor-widget-image\" data-id=\"7c88742\" data-element_type=\"widget\" data-widget_type=\"image.default\">\n\t\t\t\t<div class=\"elementor-widget-container\">\n\t\t\t<style>\/*! elementor - v3.16.0 - 20-09-2023 *\/\n.elementor-widget-image{text-align:center}.elementor-widget-image a{display:inline-block}.elementor-widget-image a img[src$=\".svg\"]{width:48px}.elementor-widget-image img{vertical-align:middle;display:inline-block}<\/style>\t\t\t\t\t\t\t\t\t\t\t\t<img decoding=\"async\" loading=\"lazy\" width=\"682\" height=\"1024\" src=\"https:\/\/others.ucimesaweby.sk\/kontakt\/wp-content\/uploads\/2022\/11\/1B6A6703-682x1024.jpg\" class=\"attachment-large size-large wp-image-713\" alt=\"\" srcset=\"https:\/\/others.ucimesaweby.sk\/kontakt\/wp-content\/uploads\/2022\/11\/1B6A6703-682x1024.jpg 682w, https:\/\/others.ucimesaweby.sk\/kontakt\/wp-content\/uploads\/2022\/11\/1B6A6703-scaled-600x900.jpg 600w, https:\/\/others.ucimesaweby.sk\/kontakt\/wp-content\/uploads\/2022\/11\/1B6A6703-200x300.jpg 200w, https:\/\/others.ucimesaweby.sk\/kontakt\/wp-content\/uploads\/2022\/11\/1B6A6703-768x1152.jpg 768w, https:\/\/others.ucimesaweby.sk\/kontakt\/wp-content\/uploads\/2022\/11\/1B6A6703-1024x1536.jpg 1024w, https:\/\/others.ucimesaweby.sk\/kontakt\/wp-content\/uploads\/2022\/11\/1B6A6703-1365x2048.jpg 1365w, https:\/\/others.ucimesaweby.sk\/kontakt\/wp-content\/uploads\/2022\/11\/1B6A6703-scaled.jpg 1706w\" sizes=\"(max-width: 682px) 100vw, 682px\" \/>\t\t\t\t\t\t\t\t\t\t\t\t\t\t\t<\/div>\n\t\t\t\t<\/div>\n\t\t\t\t\t<\/div>\n\t\t<\/div>\n\t\t\t\t\t\t\t<\/div>\n\t\t<\/section>\n\t\t\t\t<section class=\"elementor-section elementor-top-section elementor-element elementor-element-3886280b elementor-section-boxed elementor-section-height-default elementor-section-height-default\" data-id=\"3886280b\" data-element_type=\"section\">\n\t\t\t\t\t\t<div class=\"elementor-container elementor-column-gap-default\">\n\t\t\t\t\t<div class=\"elementor-column elementor-col-100 elementor-top-column elementor-element elementor-element-68b8edc1\" data-id=\"68b8edc1\" data-element_type=\"column\">\n\t\t\t<div class=\"elementor-widget-wrap elementor-element-populated\">\n\t\t\t\t\t\t\t\t<div class=\"elementor-element elementor-element-743ebddb elementor-widget elementor-widget-heading\" data-id=\"743ebddb\" data-element_type=\"widget\" data-widget_type=\"heading.default\">\n\t\t\t\t<div class=\"elementor-widget-container\">\n\t\t\t<h5 class=\"elementor-heading-title elementor-size-default\">Ako si za\u010dala s Young Office?<\/h5>\t\t<\/div>\n\t\t\t\t<\/div>\n\t\t\t\t<div class=\"elementor-element elementor-element-21eddc04 elementor-widget elementor-widget-text-editor\" data-id=\"21eddc04\" data-element_type=\"widget\" data-widget_type=\"text-editor.default\">\n\t\t\t\t<div class=\"elementor-widget-container\">\n\t\t\t\t\t\t\t<p><span style=\"font-weight: 400;\">V roku 2021 som mala prax zo strednej \u0161koly na Stanici a stretla som sa vlastne s Erasmus+ dobrovo\u013en\u00edkmi \u2013 Lunou a Rubi. T\u00edto dobrovo\u013en\u00edci mne a Karol\u00edne Ba\u0161tekovej (koordin\u00e1torka projektov) rozpr\u00e1vali a pribl\u00ed\u017eili koncept Young Office, ktor\u00fd je celosvetovo zn\u00e1my. Rozpr\u00e1vali sme sa, \u017ee v \u017diline ch\u00fdba kult\u00farna \u010das\u0165 pre mlad\u00fdch umelcov a \u013eud\u00ed, a tak na na\u0161e podnety vzniklo YO. Ja osobne milujem kult\u00faru a spolo\u010densk\u00e9 akcie, tak som si povedala, \u017ee do toho idem. Vytvorilo sa YO a p\u00f4sob\u00edm v \u0148om u\u017e rok a pol.<\/span><\/p>\t\t\t\t\t\t<\/div>\n\t\t\t\t<\/div>\n\t\t\t\t<div class=\"elementor-element elementor-element-4c4e65df elementor-widget elementor-widget-heading\" data-id=\"4c4e65df\" data-element_type=\"widget\" data-widget_type=\"heading.default\">\n\t\t\t\t<div class=\"elementor-widget-container\">\n\t\t\t<h5 class=\"elementor-heading-title elementor-size-default\">\u010co je to Kinesis?\n<\/h5>\t\t<\/div>\n\t\t\t\t<\/div>\n\t\t\t\t<div class=\"elementor-element elementor-element-118e1945 elementor-widget elementor-widget-text-editor\" data-id=\"118e1945\" data-element_type=\"widget\" data-widget_type=\"text-editor.default\">\n\t\t\t\t<div class=\"elementor-widget-container\">\n\t\t\t\t\t\t\t<p><span style=\"font-weight: 400;\">Kinesis je multi\u017e\u00e1nrov\u00fd festival mlad\u00e9ho umenia na Stanici \u017dilina \u2013 Z\u00e1rie\u010die. Je to festival, kde m\u00f4\u017ee n\u00e1v\u0161tevn\u00edk n\u00e1js\u0165 naozaj v\u0161etko \u2013 workshopy, koncerty a v\u00fdstavy. Rovnako tak poskytujeme v\u010faka festivalu Kinesis priestor pre diskusie na r\u00f4zne t\u00e9my, a taktie\u017e prenech\u00e1vame priestor mlad\u00fdm umelcom s v\u00fdrobkami, ktor\u00e9 na festivale pred\u00e1vaj\u00fa. Obidva ro\u010dn\u00edky trvali 1 de\u0148 a odohr\u00e1vali sa vo v\u0161etk\u00fdch priestoroch Stanice \u017dilina \u2013 Z\u00e1rie\u010die.<\/span><\/p>\t\t\t\t\t\t<\/div>\n\t\t\t\t<\/div>\n\t\t\t\t<div class=\"elementor-element elementor-element-551176ce elementor-widget elementor-widget-heading\" data-id=\"551176ce\" data-element_type=\"widget\" data-widget_type=\"heading.default\">\n\t\t\t\t<div class=\"elementor-widget-container\">\n\t\t\t<h5 class=\"elementor-heading-title elementor-size-default\">Na \u010do sa \u013eudia mohli te\u0161i\u0165 na poslednom Kinesis-e?\n<\/h5>\t\t<\/div>\n\t\t\t\t<\/div>\n\t\t\t\t<div class=\"elementor-element elementor-element-339145cb elementor-widget elementor-widget-text-editor\" data-id=\"339145cb\" data-element_type=\"widget\" data-widget_type=\"text-editor.default\">\n\t\t\t\t<div class=\"elementor-widget-container\">\n\t\t\t\t\t\t\t<p><span style=\"font-weight: 400;\">Na druhom ro\u010dn\u00edku festivalu Kinesis, ktor\u00fd sa konal 08. 10. 2022 sa n\u00e1v\u0161tevn\u00edci mohli zapoji\u0165 do umeleck\u00fdch workshopov ako na\u0165ahovanie pl\u00e1tna alebo muzikoterapia. Rovnako tak bolo sprostredkovan\u00fdch nieko\u013eko v\u00fdstav, ako napr\u00edklad v\u00fdstava fotografi\u00ed od J\u00falie Ku\u010der\u00edkovej, ale rovnako tak aj umeleck\u00e1 expoz\u00edcia \u201eSAFE SPACE\u201c od Zuzany Bakovej. Taktie\u017e sa vo ve\u010dern\u00fdch hodin\u00e1ch odohrali koncerty kapiel Cherries and Therapy a Eversame. V z\u00e1hrade ich \u010dakali dve umelkyne so svojimi produktmi, a taktie\u017e boli v z\u00e1hrade nachystan\u00e9 hamaky a slackline ako oddychov\u00e1 z\u00f3na. Na festivale taktie\u017e \u00fa\u010dastn\u00edci za\u017eili divadeln\u00e9 predstavenie \u201eMONODR\u00c1MA\u201c a predstavenie po\u00e9zie \u0160imona Dobe\u0161a.<\/span><\/p>\t\t\t\t\t\t<\/div>\n\t\t\t\t<\/div>\n\t\t\t\t<div class=\"elementor-element elementor-element-4814dab elementor-widget elementor-widget-heading\" data-id=\"4814dab\" data-element_type=\"widget\" data-widget_type=\"heading.default\">\n\t\t\t\t<div class=\"elementor-widget-container\">\n\t\t\t<h5 class=\"elementor-heading-title elementor-size-default\">\u010co \u0165a motivuje pokra\u010dova\u0165?\n<\/h5>\t\t<\/div>\n\t\t\t\t<\/div>\n\t\t\t\t<div class=\"elementor-element elementor-element-4239034 elementor-widget elementor-widget-text-editor\" data-id=\"4239034\" data-element_type=\"widget\" data-widget_type=\"text-editor.default\">\n\t\t\t\t<div class=\"elementor-widget-container\">\n\t\t\t\t\t\t\t<p><span style=\"font-weight: 400;\">Moja motiv\u00e1cia? Milujem, ako na Stanicu chodia \u013eudia, ktor\u00fdch tam vid\u00edm ve\u013eakr\u00e1t po prv\u00fd raz. Milujem, ako \u013eudia v\u010faka YO medzi sebou komunikuj\u00fa a spolupracuj\u00fa. Mojou motiv\u00e1ciou s\u00fa teda hlavne \u013eudia, umelci a samotn\u00e1 atmosf\u00e9ra akci\u00ed.<\/span><\/p>\t\t\t\t\t\t<\/div>\n\t\t\t\t<\/div>\n\t\t\t\t<div class=\"elementor-element elementor-element-30d4cb8 elementor-widget elementor-widget-heading\" data-id=\"30d4cb8\" data-element_type=\"widget\" data-widget_type=\"heading.default\">\n\t\t\t\t<div class=\"elementor-widget-container\">\n\t\t\t<h5 class=\"elementor-heading-title elementor-size-default\">Kde \u0165a m\u00f4\u017eu \u013eudia n\u00e1js\u0165?<\/h5>\t\t<\/div>\n\t\t\t\t<\/div>\n\t\t\t\t<div class=\"elementor-element elementor-element-80f7cdf elementor-widget elementor-widget-text-editor\" data-id=\"80f7cdf\" data-element_type=\"widget\" data-widget_type=\"text-editor.default\">\n\t\t\t\t<div class=\"elementor-widget-container\">\n\t\t\t\t\t\t\t<p><span style=\"font-weight: 400;\">M\u0148a ako Mimu m\u00f4\u017eu \u013eudia n\u00e1js\u0165 na Instagrame a Facebooku @_mima.haklova_, YO m\u00e1 taktie\u017e Instagram a Facebook @youngofficezilina. Budete komunikova\u0165 hlavne so mnou, tak ak m\u00e1te nejak\u00e9 ot\u00e1zky, pokojne p\u00ed\u0161te.<\/span><\/p>\t\t\t\t\t\t<\/div>\n\t\t\t\t<\/div>\n\t\t\t\t<div class=\"elementor-element elementor-element-dcbaa39 elementor-widget elementor-widget-heading\" data-id=\"dcbaa39\" data-element_type=\"widget\" data-widget_type=\"heading.default\">\n\t\t\t\t<div class=\"elementor-widget-container\">\n\t\t\t<h5 class=\"elementor-heading-title elementor-size-default\">Ak\u00e9 m\u00e1\u0161 \u010fal\u0161ie pl\u00e1ny s Young office?\n<\/h5>\t\t<\/div>\n\t\t\t\t<\/div>\n\t\t\t\t<div class=\"elementor-element elementor-element-3b525d2 elementor-widget elementor-widget-text-editor\" data-id=\"3b525d2\" data-element_type=\"widget\" data-widget_type=\"text-editor.default\">\n\t\t\t\t<div class=\"elementor-widget-container\">\n\t\t\t\t\t\t\t<p><span style=\"font-weight: 400;\">S YO m\u00e1me pre n\u00e1v\u0161tevn\u00edkov pripraven\u00fd \u010fal\u0161\u00ed program, ako napr\u00edklad benefi\u010dn\u00e9 koncerty Cherries and Therapy a in\u00fdch kapiel, ktor\u00e9 bud\u00fa v novembri. Rovnako tak sa m\u00f4\u017eete te\u0161i\u0165 na \u010fal\u0161ie podujatia, ktor\u00e9 v predstihu bud\u00fa uverejnen\u00e9 na Facebooku a Instagrame @youngofficezilina.<\/span><\/p>\t\t\t\t\t\t<\/div>\n\t\t\t\t<\/div>\n\t\t\t\t<section class=\"elementor-section elementor-inner-section elementor-element elementor-element-d9bda90 elementor-section-boxed elementor-section-height-default elementor-section-height-default\" data-id=\"d9bda90\" data-element_type=\"section\">\n\t\t\t\t\t\t<div class=\"elementor-container elementor-column-gap-default\">\n\t\t\t\t\t<div class=\"elementor-column elementor-col-50 elementor-inner-column elementor-element elementor-element-6774332\" data-id=\"6774332\" data-element_type=\"column\">\n\t\t\t<div class=\"elementor-widget-wrap elementor-element-populated\">\n\t\t\t\t\t\t\t\t<div class=\"elementor-element elementor-element-5118fe2 elementor-widget elementor-widget-image\" data-id=\"5118fe2\" data-element_type=\"widget\" data-widget_type=\"image.default\">\n\t\t\t\t<div class=\"elementor-widget-container\">\n\t\t\t\t\t\t\t\t\t\t\t\t\t\t\t<img decoding=\"async\" loading=\"lazy\" width=\"683\" height=\"1024\" src=\"https:\/\/others.ucimesaweby.sk\/kontakt\/wp-content\/uploads\/2022\/11\/MIRIAM-HA\u0301KLOVA\u0301-683x1024.jpg\" class=\"attachment-large size-large wp-image-686\" alt=\"\" srcset=\"https:\/\/others.ucimesaweby.sk\/kontakt\/wp-content\/uploads\/2022\/11\/MIRIAM-HA\u0301KLOVA\u0301-683x1024.jpg 683w, https:\/\/others.ucimesaweby.sk\/kontakt\/wp-content\/uploads\/2022\/11\/MIRIAM-HA\u0301KLOVA\u0301-scaled-600x900.jpg 600w, https:\/\/others.ucimesaweby.sk\/kontakt\/wp-content\/uploads\/2022\/11\/MIRIAM-HA\u0301KLOVA\u0301-200x300.jpg 200w, https:\/\/others.ucimesaweby.sk\/kontakt\/wp-content\/uploads\/2022\/11\/MIRIAM-HA\u0301KLOVA\u0301-768x1152.jpg 768w, https:\/\/others.ucimesaweby.sk\/kontakt\/wp-content\/uploads\/2022\/11\/MIRIAM-HA\u0301KLOVA\u0301-1024x1536.jpg 1024w, https:\/\/others.ucimesaweby.sk\/kontakt\/wp-content\/uploads\/2022\/11\/MIRIAM-HA\u0301KLOVA\u0301-1365x2048.jpg 1365w, https:\/\/others.ucimesaweby.sk\/kontakt\/wp-content\/uploads\/2022\/11\/MIRIAM-HA\u0301KLOVA\u0301-scaled.jpg 1707w\" sizes=\"(max-width: 683px) 100vw, 683px\" \/>\t\t\t\t\t\t\t\t\t\t\t\t\t\t\t<\/div>\n\t\t\t\t<\/div>\n\t\t\t\t\t<\/div>\n\t\t<\/div>\n\t\t\t\t<div class=\"elementor-column elementor-col-50 elementor-inner-column elementor-element elementor-element-18ace5e\" data-id=\"18ace5e\" data-element_type=\"column\">\n\t\t\t<div class=\"elementor-widget-wrap elementor-element-populated\">\n\t\t\t\t\t\t\t\t<div class=\"elementor-element elementor-element-0cea6d0 elementor-widget elementor-widget-image\" data-id=\"0cea6d0\" data-element_type=\"widget\" data-widget_type=\"image.default\">\n\t\t\t\t<div class=\"elementor-widget-container\">\n\t\t\t\t\t\t\t\t\t\t\t\t\t\t\t<img decoding=\"async\" loading=\"lazy\" width=\"1024\" height=\"683\" src=\"https:\/\/others.ucimesaweby.sk\/kontakt\/wp-content\/uploads\/2022\/11\/1B6A2712-1024x683.jpg\" class=\"attachment-large size-large wp-image-715\" alt=\"\" srcset=\"https:\/\/others.ucimesaweby.sk\/kontakt\/wp-content\/uploads\/2022\/11\/1B6A2712-1024x683.jpg 1024w, https:\/\/others.ucimesaweby.sk\/kontakt\/wp-content\/uploads\/2022\/11\/1B6A2712-scaled-600x400.jpg 600w, https:\/\/others.ucimesaweby.sk\/kontakt\/wp-content\/uploads\/2022\/11\/1B6A2712-300x200.jpg 300w, https:\/\/others.ucimesaweby.sk\/kontakt\/wp-content\/uploads\/2022\/11\/1B6A2712-768x512.jpg 768w, https:\/\/others.ucimesaweby.sk\/kontakt\/wp-content\/uploads\/2022\/11\/1B6A2712-1536x1024.jpg 1536w, https:\/\/others.ucimesaweby.sk\/kontakt\/wp-content\/uploads\/2022\/11\/1B6A2712-2048x1366.jpg 2048w\" sizes=\"(max-width: 1024px) 100vw, 1024px\" \/>\t\t\t\t\t\t\t\t\t\t\t\t\t\t\t<\/div>\n\t\t\t\t<\/div>\n\t\t\t\t<div class=\"elementor-element elementor-element-eaaf75e elementor-widget elementor-widget-image\" data-id=\"eaaf75e\" data-element_type=\"widget\" data-widget_type=\"image.default\">\n\t\t\t\t<div class=\"elementor-widget-container\">\n\t\t\t\t\t\t\t\t\t\t\t\t\t\t\t<img decoding=\"async\" loading=\"lazy\" width=\"1024\" height=\"683\" src=\"https:\/\/others.ucimesaweby.sk\/kontakt\/wp-content\/uploads\/2022\/11\/1B6A2756-1024x683.jpg\" class=\"attachment-large size-large wp-image-1004\" alt=\"\" srcset=\"https:\/\/others.ucimesaweby.sk\/kontakt\/wp-content\/uploads\/2022\/11\/1B6A2756-1024x683.jpg 1024w, https:\/\/others.ucimesaweby.sk\/kontakt\/wp-content\/uploads\/2022\/11\/1B6A2756-scaled-600x400.jpg 600w, https:\/\/others.ucimesaweby.sk\/kontakt\/wp-content\/uploads\/2022\/11\/1B6A2756-300x200.jpg 300w, https:\/\/others.ucimesaweby.sk\/kontakt\/wp-content\/uploads\/2022\/11\/1B6A2756-768x512.jpg 768w, https:\/\/others.ucimesaweby.sk\/kontakt\/wp-content\/uploads\/2022\/11\/1B6A2756-1536x1024.jpg 1536w, https:\/\/others.ucimesaweby.sk\/kontakt\/wp-content\/uploads\/2022\/11\/1B6A2756-2048x1365.jpg 2048w\" sizes=\"(max-width: 1024px) 100vw, 1024px\" \/>\t\t\t\t\t\t\t\t\t\t\t\t\t\t\t<\/div>\n\t\t\t\t<\/div>\n\t\t\t\t\t<\/div>\n\t\t<\/div>\n\t\t\t\t\t\t\t<\/div>\n\t\t<\/section>\n\t\t\t\t\t<\/div>\n\t\t<\/div>\n\t\t\t\t\t\t\t<\/div>\n\t\t<\/section>\n\t\t\t\t\t\t\t<\/div>\n\t\t","protected":false},"excerpt":{"rendered":"<p>Mima Haklov\u00e1 &#8211; Young Office Vitajte v rubrike mimo\u0161kolsk\u00fd \u017eivot na\u0161ich \u0161tudentov. V tejto rubrike v\u00e1m predstav\u00edme na\u0161ich \u0161ikovn\u00fdch \u0161tudentov, ktor\u00ed sa kreat\u00edvne vyb\u00faria aj vo svojom vo\u013enom \u010dase. N\u00e1\u0161 prv\u00fd rozhovor je s Mimou Haklovou a jej Young Office. Ak ste zo \u017diliny a m\u00e1te radi kult\u00farny \u017eivot, tak Young Office by mohol pre &hellip;<\/p>\n<p class=\"read-more\"> <a class=\"\" href=\"https:\/\/others.ucimesaweby.sk\/kontakt\/mima-haklova\/\"> <span class=\"screen-reader-text\">Mima Haklov\u00e1 &#8211; Young Office<\/span> \u010c\u00edtajte viac &raquo;<\/a><\/p>\n","protected":false},"author":1,"featured_media":1004,"comment_status":"open","ping_status":"open","sticky":false,"template":"","format":"standard","meta":{"site-sidebar-layout":"default","site-content-layout":"","ast-site-content-layout":"","site-content-style":"default","site-sidebar-style":"default","ast-global-header-display":"","ast-banner-title-visibility":"","ast-main-header-display":"","ast-hfb-above-header-display":"","ast-hfb-below-header-display":"","ast-hfb-mobile-header-display":"","site-post-title":"","ast-breadcrumbs-content":"","ast-featured-img":"disabled","footer-sml-layout":"","theme-transparent-header-meta":"","adv-header-id-meta":"","stick-header-meta":"","header-above-stick-meta":"","header-main-stick-meta":"","header-below-stick-meta":"","astra-migrate-meta-layouts":"","footnotes":""},"categories":[8],"tags":[],"_links":{"self":[{"href":"https:\/\/others.ucimesaweby.sk\/kontakt\/wp-json\/wp\/v2\/posts\/634"}],"collection":[{"href":"https:\/\/others.ucimesaweby.sk\/kontakt\/wp-json\/wp\/v2\/posts"}],"about":[{"href":"https:\/\/others.ucimesaweby.sk\/kontakt\/wp-json\/wp\/v2\/types\/post"}],"author":[{"embeddable":true,"href":"https:\/\/others.ucimesaweby.sk\/kontakt\/wp-json\/wp\/v2\/users\/1"}],"replies":[{"embeddable":true,"href":"https:\/\/others.ucimesaweby.sk\/kontakt\/wp-json\/wp\/v2\/comments?post=634"}],"version-history":[{"count":12,"href":"https:\/\/others.ucimesaweby.sk\/kontakt\/wp-json\/wp\/v2\/posts\/634\/revisions"}],"predecessor-version":[{"id":1152,"href":"https:\/\/others.ucimesaweby.sk\/kontakt\/wp-json\/wp\/v2\/posts\/634\/revisions\/1152"}],"wp:featuredmedia":[{"embeddable":true,"href":"https:\/\/others.ucimesaweby.sk\/kontakt\/wp-json\/wp\/v2\/media\/1004"}],"wp:attachment":[{"href":"https:\/\/others.ucimesaweby.sk\/kontakt\/wp-json\/wp\/v2\/media?parent=634"}],"wp:term":[{"taxonomy":"category","embeddable":true,"href":"https:\/\/others.ucimesaweby.sk\/kontakt\/wp-json\/wp\/v2\/categories?post=634"},{"taxonomy":"post_tag","embeddable":true,"href":"https:\/\/others.ucimesaweby.sk\/kontakt\/wp-json\/wp\/v2\/tags?post=634"}],"curies":[{"name":"wp","href":"https:\/\/api.w.org\/{rel}","templated":true}]}}