{"id":473,"date":"2022-04-04T13:38:00","date_gmt":"2022-04-04T11:38:00","guid":{"rendered":"https:\/\/others.ucimesaweby.sk\/pedax\/?p=473"},"modified":"2022-05-31T23:27:11","modified_gmt":"2022-05-31T21:27:11","slug":"boli-stanovene-terminy-workshopu-a-konferencie-v-suvislosti-s-podaktivitou-2","status":"publish","type":"post","link":"https:\/\/others.ucimesaweby.sk\/chronum\/boli-stanovene-terminy-workshopu-a-konferencie-v-suvislosti-s-podaktivitou-2\/","title":{"rendered":"Boli stanoven\u00e9 term\u00edny workshopu a konferencie v s\u00favislosti s Podaktivitou 2"},"content":{"rendered":"\t\t<div data-elementor-type=\"wp-post\" data-elementor-id=\"473\" class=\"elementor elementor-473\">\n\t\t\t\t\t\t\t\t\t<section class=\"elementor-section elementor-top-section elementor-element elementor-element-e5d8196 elementor-section-boxed elementor-section-height-default elementor-section-height-default wpr-particle-no wpr-jarallax-no wpr-parallax-no wpr-sticky-section-no\" data-id=\"e5d8196\" data-element_type=\"section\" data-settings=\"{&quot;_ha_eqh_enable&quot;:false}\">\n\t\t\t\t\t\t<div class=\"elementor-container elementor-column-gap-default\">\n\t\t\t\t\t<div class=\"elementor-column elementor-col-50 elementor-top-column elementor-element elementor-element-cfd8317\" data-id=\"cfd8317\" data-element_type=\"column\">\n\t\t\t<div class=\"elementor-widget-wrap elementor-element-populated\">\n\t\t\t\t\t\t\t\t<div class=\"elementor-element elementor-element-e25d7e0 elementor-widget elementor-widget-image\" data-id=\"e25d7e0\" data-element_type=\"widget\" data-widget_type=\"image.default\">\n\t\t\t\t<div class=\"elementor-widget-container\">\n\t\t\t<style>\/*! elementor - v3.11.1 - 15-02-2023 *\/\n.elementor-widget-image{text-align:center}.elementor-widget-image a{display:inline-block}.elementor-widget-image a img[src$=\".svg\"]{width:48px}.elementor-widget-image img{vertical-align:middle;display:inline-block}<\/style>\t\t\t\t\t\t\t\t\t\t\t\t<img loading=\"lazy\" decoding=\"async\" width=\"1024\" height=\"683\" src=\"https:\/\/others.ucimesaweby.sk\/chronum\/wp-content\/uploads\/2022\/05\/PEDAX_IMG_-24-1024x683.jpg\" class=\"attachment-large size-large wp-image-225\" alt=\"\" srcset=\"https:\/\/others.ucimesaweby.sk\/chronum\/wp-content\/uploads\/2022\/05\/PEDAX_IMG_-24-1024x683.jpg 1024w, https:\/\/others.ucimesaweby.sk\/chronum\/wp-content\/uploads\/2022\/05\/PEDAX_IMG_-24-300x200.jpg 300w, https:\/\/others.ucimesaweby.sk\/chronum\/wp-content\/uploads\/2022\/05\/PEDAX_IMG_-24-768x512.jpg 768w, https:\/\/others.ucimesaweby.sk\/chronum\/wp-content\/uploads\/2022\/05\/PEDAX_IMG_-24-1536x1024.jpg 1536w, https:\/\/others.ucimesaweby.sk\/chronum\/wp-content\/uploads\/2022\/05\/PEDAX_IMG_-24-2048x1365.jpg 2048w\" sizes=\"auto, (max-width: 1024px) 100vw, 1024px\" \/>\t\t\t\t\t\t\t\t\t\t\t\t\t\t\t<\/div>\n\t\t\t\t<\/div>\n\t\t\t\t\t<\/div>\n\t\t<\/div>\n\t\t\t\t<div class=\"elementor-column elementor-col-50 elementor-top-column elementor-element elementor-element-1a223c6\" data-id=\"1a223c6\" data-element_type=\"column\">\n\t\t\t<div class=\"elementor-widget-wrap elementor-element-populated\">\n\t\t\t\t\t\t\t\t<div class=\"elementor-element elementor-element-94ec4e3 elementor-widget elementor-widget-text-editor\" data-id=\"94ec4e3\" data-element_type=\"widget\" data-widget_type=\"text-editor.default\">\n\t\t\t\t<div class=\"elementor-widget-container\">\n\t\t\t<style>\/*! elementor - v3.11.1 - 15-02-2023 *\/\n.elementor-widget-text-editor.elementor-drop-cap-view-stacked .elementor-drop-cap{background-color:#818a91;color:#fff}.elementor-widget-text-editor.elementor-drop-cap-view-framed .elementor-drop-cap{color:#818a91;border:3px solid;background-color:transparent}.elementor-widget-text-editor:not(.elementor-drop-cap-view-default) .elementor-drop-cap{margin-top:8px}.elementor-widget-text-editor:not(.elementor-drop-cap-view-default) .elementor-drop-cap-letter{width:1em;height:1em}.elementor-widget-text-editor .elementor-drop-cap{float:left;text-align:center;line-height:1;font-size:50px}.elementor-widget-text-editor .elementor-drop-cap-letter{display:inline-block}<\/style>\t\t\t\t<p>Workshop zameran\u00fd na zvy\u0161ovanie kvality pedagogick\u00fdch prax\u00ed na in\u0161titucion\u00e1lnej \u00farovni sa uskuto\u010dn\u00ed 31. 5. 2022 a medzin\u00e1rodn\u00e1 konferencia na t\u00e9mu Zmeny a v\u00fdzvy v oblasti zvy\u0161ovania kvality vzdel\u00e1vania bud\u00facich pedag\u00f3gov\u00a0 v eur\u00f3pskych krajin\u00e1ch sa bude kona\u0165 22. 6. 2022 &#8211; 23. 6. 2022. <strong>U\u017e teraz sa te\u0161\u00edme na akt\u00edvnu particip\u00e1ciu a kon\u0161trukt\u00edvnu diskusiu v\u0161etk\u00fdch z\u00fa\u010dastnen\u00fdch.<\/strong><\/p>\t\t\t\t\t\t<\/div>\n\t\t\t\t<\/div>\n\t\t\t\t\t<\/div>\n\t\t<\/div>\n\t\t\t\t\t\t\t<\/div>\n\t\t<\/section>\n\t\t\t\t<section class=\"elementor-section elementor-top-section elementor-element elementor-element-4932383 elementor-section-boxed elementor-section-height-default elementor-section-height-default wpr-particle-no wpr-jarallax-no wpr-parallax-no wpr-sticky-section-no\" data-id=\"4932383\" data-element_type=\"section\" data-settings=\"{&quot;_ha_eqh_enable&quot;:false}\">\n\t\t\t\t\t\t<div class=\"elementor-container elementor-column-gap-default\">\n\t\t\t\t\t<div class=\"elementor-column elementor-col-100 elementor-top-column elementor-element elementor-element-756b87c\" data-id=\"756b87c\" data-element_type=\"column\">\n\t\t\t<div class=\"elementor-widget-wrap elementor-element-populated\">\n\t\t\t\t\t\t\t\t<div class=\"elementor-element elementor-element-aeb1dd2 elementor-widget elementor-widget-pdf_viewer\" data-id=\"aeb1dd2\" data-element_type=\"widget\" data-widget_type=\"pdf_viewer.default\">\n\t\t\t\t<div class=\"elementor-widget-container\">\n\t\t\t<iframe src=\"https:\/\/docs.google.com\/viewer?url=https:\/\/others.ucimesaweby.sk\/pedax\/wp-content\/uploads\/2022\/05\/Pozvanka-na-workshop-2.pdf&amp;embedded=true\" style=\"display: block; margin-left: auto; margin-right: auto; width: 640px; height: 1020px;\" frameborder=\"1\" marginheight=\"0px\" marginwidth=\"0px\" allowfullscreen><\/iframe>\t\t<\/div>\n\t\t\t\t<\/div>\n\t\t\t\t\t<\/div>\n\t\t<\/div>\n\t\t\t\t\t\t\t<\/div>\n\t\t<\/section>\n\t\t\t\t\t\t\t<\/div>\n\t\t","protected":false},"excerpt":{"rendered":"<p>Workshop zameran\u00fd na zvy\u0161ovanie kvality pedagogick\u00fdch prax\u00ed na in\u0161titucion\u00e1lnej \u00farovni sa uskuto\u010dn\u00ed 31. 5. 2022 a medzin\u00e1rodn\u00e1 konferencia na t\u00e9mu Zmeny a v\u00fdzvy v oblasti zvy\u0161ovania kvality vzdel\u00e1vania bud\u00facich pedag\u00f3gov\u00a0 v eur\u00f3pskych krajin\u00e1ch sa bude kona\u0165 22. 6. 2022 &#8211; 23. 6. 2022. U\u017e teraz sa te\u0161\u00edme na akt\u00edvnu particip\u00e1ciu a kon\u0161trukt\u00edvnu diskusiu v\u0161etk\u00fdch z\u00fa\u010dastnen\u00fdch.<\/p>\n","protected":false},"author":1,"featured_media":0,"comment_status":"closed","ping_status":"closed","sticky":false,"template":"","format":"standard","meta":{"footnotes":""},"categories":[23],"tags":[],"post_folder":[],"class_list":["post-473","post","type-post","status-publish","format-standard","hentry","category-aktuality"],"aioseo_notices":[],"_links":{"self":[{"href":"https:\/\/others.ucimesaweby.sk\/chronum\/wp-json\/wp\/v2\/posts\/473","targetHints":{"allow":["GET"]}}],"collection":[{"href":"https:\/\/others.ucimesaweby.sk\/chronum\/wp-json\/wp\/v2\/posts"}],"about":[{"href":"https:\/\/others.ucimesaweby.sk\/chronum\/wp-json\/wp\/v2\/types\/post"}],"author":[{"embeddable":true,"href":"https:\/\/others.ucimesaweby.sk\/chronum\/wp-json\/wp\/v2\/users\/1"}],"replies":[{"embeddable":true,"href":"https:\/\/others.ucimesaweby.sk\/chronum\/wp-json\/wp\/v2\/comments?post=473"}],"version-history":[{"count":4,"href":"https:\/\/others.ucimesaweby.sk\/chronum\/wp-json\/wp\/v2\/posts\/473\/revisions"}],"predecessor-version":[{"id":550,"href":"https:\/\/others.ucimesaweby.sk\/chronum\/wp-json\/wp\/v2\/posts\/473\/revisions\/550"}],"wp:attachment":[{"href":"https:\/\/others.ucimesaweby.sk\/chronum\/wp-json\/wp\/v2\/media?parent=473"}],"wp:term":[{"taxonomy":"category","embeddable":true,"href":"https:\/\/others.ucimesaweby.sk\/chronum\/wp-json\/wp\/v2\/categories?post=473"},{"taxonomy":"post_tag","embeddable":true,"href":"https:\/\/others.ucimesaweby.sk\/chronum\/wp-json\/wp\/v2\/tags?post=473"},{"taxonomy":"post_folder","embeddable":true,"href":"https:\/\/others.ucimesaweby.sk\/chronum\/wp-json\/wp\/v2\/post_folder?post=473"}],"curies":[{"name":"wp","href":"https:\/\/api.w.org\/{rel}","templated":true}]}}